{"id":23177,"date":"2012-04-20T12:18:18","date_gmt":"2012-04-20T15:18:18","guid":{"rendered":"http:\/\/www.elsindical.com.ar\/notas\/?p=23177"},"modified":"2012-04-20T12:18:18","modified_gmt":"2012-04-20T15:18:18","slug":"cabildotiroteo-con-un-policia-federal-herido-y-un-delincuente-detenido","status":"publish","type":"post","link":"https:\/\/www.elsindical.com.ar\/notas\/cabildotiroteo-con-un-policia-federal-herido-y-un-delincuente-detenido\/","title":{"rendered":"Cabildo:Tiroteo con un polic\u00eda federal herido y un delincuente detenido"},"content":{"rendered":"<p style=\"text-align: justify;\"><em><a href=\"http:\/\/www.elsindical.com.ar\/notas\/var\/www\/html\/notas\/wp-content\/uploads\/2012\/04\/tiroteo-Belgrano.jpg\"><img loading=\"lazy\" decoding=\"async\" class=\"alignleft size-medium wp-image-23178\" title=\"tiroteo-Belgrano\" src=\"http:\/\/www.elsindical.com.ar\/notas\/var\/www\/html\/notas\/wp-content\/uploads\/2012\/04\/tiroteo-Belgrano-300x209.jpg\" alt=\"\" width=\"300\" height=\"209\" srcset=\"https:\/\/www.elsindical.com.ar\/notas\/var\/www\/html\/notas\/wp-content\/uploads\/2012\/04\/tiroteo-Belgrano-300x209.jpg 300w, https:\/\/www.elsindical.com.ar\/notas\/var\/www\/html\/notas\/wp-content\/uploads\/2012\/04\/tiroteo-Belgrano.jpg 413w\" sizes=\"auto, (max-width: 300px) 100vw, 300px\" \/><\/a>Un grupo de delincuentes intent\u00f3 cometer un asalto en el barrio de Belgrano cuando fue sorprendido por la polic\u00eda; dos ladrones fueron detenidos.<\/em><\/p>\n<p style=\"text-align: justify;\">os hombres fueron detenidos y otros tres lograron fugarse por techos de casas y locales, tras cometer un asalto esta ma\u00f1ana en una oficina del barrio porte\u00f1o de Belgrano, inform\u00f3 la agencia DyN.<\/p>\n<p style=\"text-align: justify;\">Un polic\u00eda result\u00f3 herido por la ca\u00edda que sufri\u00f3 durante la persecuci\u00f3n de los ladrones que asaltaron, poco despu\u00e9s de las 9, un negocio en la esquina de Avenida Cabildo y Congreso.<\/p>\n<p style=\"text-align: justify;\">Fuentes policiales dijeron al sitio de noticias Online-911 que uno de los efectivos que particip\u00f3 del operativo realiz\u00f3 un disparo intimidatorio pero que \u00abno hubo un enfrentamiento armado\u00bb.<\/p>\n<p style=\"text-align: justify;\">No obstante, algunos testigos manifestaron haber escuchado al menos tres disparos. De acuerdo con las fuentes, otros tres sujetos que presuntamente participaron del golpe consiguieron escapar y son intensamente buscados por la Polic\u00eda.<\/p>\n<p style=\"text-align: justify;\">\n<p style=\"text-align: justify;\">Fuente:Agencias<\/p>\n<p style=\"text-align: justify;\">Fotograf\u00eda:A24<\/p>\n","protected":false},"excerpt":{"rendered":"<p>Un grupo de delincuentes intent\u00f3 cometer un asalto en el barrio de Belgrano cuando fue sorprendido por la polic\u00eda; dos ladrones fueron detenidos. os hombres fueron detenidos y otros tres lograron fugarse por techos de casas y locales, tras cometer un asalto esta ma\u00f1ana en una oficina del barrio porte\u00f1o de Belgrano, inform\u00f3 la agencia&hellip;<\/p>\n","protected":false},"author":1,"featured_media":0,"comment_status":"open","ping_status":"open","sticky":false,"template":"","format":"standard","meta":{"footnotes":""},"categories":[22],"tags":[1225,652,91,148,30,238],"class_list":["post-23177","post","type-post","status-publish","format-standard","hentry","category-policiales","tag-belgrano","tag-colectivo","tag-detenido","tag-herido","tag-policia","tag-tiroteo"],"_links":{"self":[{"href":"https:\/\/www.elsindical.com.ar\/notas\/wp-json\/wp\/v2\/posts\/23177","targetHints":{"allow":["GET"]}}],"collection":[{"href":"https:\/\/www.elsindical.com.ar\/notas\/wp-json\/wp\/v2\/posts"}],"about":[{"href":"https:\/\/www.elsindical.com.ar\/notas\/wp-json\/wp\/v2\/types\/post"}],"author":[{"embeddable":true,"href":"https:\/\/www.elsindical.com.ar\/notas\/wp-json\/wp\/v2\/users\/1"}],"replies":[{"embeddable":true,"href":"https:\/\/www.elsindical.com.ar\/notas\/wp-json\/wp\/v2\/comments?post=23177"}],"version-history":[{"count":2,"href":"https:\/\/www.elsindical.com.ar\/notas\/wp-json\/wp\/v2\/posts\/23177\/revisions"}],"predecessor-version":[{"id":23180,"href":"https:\/\/www.elsindical.com.ar\/notas\/wp-json\/wp\/v2\/posts\/23177\/revisions\/23180"}],"wp:attachment":[{"href":"https:\/\/www.elsindical.com.ar\/notas\/wp-json\/wp\/v2\/media?parent=23177"}],"wp:term":[{"taxonomy":"category","embeddable":true,"href":"https:\/\/www.elsindical.com.ar\/notas\/wp-json\/wp\/v2\/categories?post=23177"},{"taxonomy":"post_tag","embeddable":true,"href":"https:\/\/www.elsindical.com.ar\/notas\/wp-json\/wp\/v2\/tags?post=23177"}],"curies":[{"name":"wp","href":"https:\/\/api.w.org\/{rel}","templated":true}]}}