{"id":23165,"date":"2012-04-20T10:39:49","date_gmt":"2012-04-20T13:39:49","guid":{"rendered":"http:\/\/www.elsindical.com.ar\/notas\/?p=23165"},"modified":"2012-04-20T10:39:49","modified_gmt":"2012-04-20T13:39:49","slug":"santiago-del-esterodetuvieron-a-hombre-luego-de-ser-filmado-cuando-pateaba-y-pisaba-a-un-bebe","status":"publish","type":"post","link":"https:\/\/www.elsindical.com.ar\/notas\/santiago-del-esterodetuvieron-a-hombre-luego-de-ser-filmado-cuando-pateaba-y-pisaba-a-un-bebe\/","title":{"rendered":"Santiago del Estero:Detuvieron a hombre luego de ser filmado cuando pateaba y pisaba a un beb\u00e9"},"content":{"rendered":"<p style=\"text-align: justify;\"><em><a href=\"http:\/\/www.elsindical.com.ar\/notas\/var\/www\/html\/notas\/wp-content\/uploads\/2012\/04\/beb\u00e9-agredido.jpg\"><img loading=\"lazy\" decoding=\"async\" class=\"alignleft size-medium wp-image-23166\" title=\"beb\u00e9-agredido\" src=\"http:\/\/www.elsindical.com.ar\/notas\/var\/www\/html\/notas\/wp-content\/uploads\/2012\/04\/beb\u00e9-agredido-300x225.jpg\" alt=\"\" width=\"300\" height=\"225\" srcset=\"https:\/\/www.elsindical.com.ar\/notas\/var\/www\/html\/notas\/wp-content\/uploads\/2012\/04\/beb\u00e9-agredido-300x225.jpg 300w, https:\/\/www.elsindical.com.ar\/notas\/var\/www\/html\/notas\/wp-content\/uploads\/2012\/04\/beb\u00e9-agredido.jpg 325w\" sizes=\"auto, (max-width: 300px) 100vw, 300px\" \/><\/a>La detenci\u00f3n se llev\u00f3 a cabo luego de una denuncia realizado por la madrina del peque\u00f1o, quien adem\u00e1s de se\u00f1alar que era objeto de constantes palizas aport\u00f3 un video filmado con su celular que muestra una salvaje agresi\u00f3n que lo tiene como objeto. Las im\u00e1genes muestran como el hombre arroja al beb\u00e9 al piso, lo pisa y lo patea.<\/em><\/p>\n<p style=\"text-align: justify;\">Un hombre de 34 a\u00f1os fue detenido despu\u00e9s de ser filmado con un celular mientras pisaba y pateaba a un beb\u00e9 de ocho meses, nieto de su pareja, en una vivienda de la localidad santiague\u00f1a de Bandera.<\/p>\n<p style=\"text-align: justify;\">El incalificable episodio se produjo en una vivienda de un barrio situado sobre la ruta 13, en la que conviv\u00edan el detenido, su pareja, de 31 a\u00f1os, y los siete hijos de la misma, entre los cuales se encuentra una adolescente de 16 a\u00f1os , madre del peque\u00f1oque tambi\u00e9n reside en el domicilio.<\/p>\n<p style=\"text-align: justify;\">Una vez recibida la denuncia, desde la comisar\u00eda, los asombrados polic\u00edas se comunicaron con las autoridades judiciales de la ciudad de A\u00f1atuya, que orden\u00f3 la detenci\u00f3n del hombre, al igual que la inmediata atenci\u00f3n del beb\u00e9.<\/p>\n<p style=\"text-align: justify;\">Seg\u00fan se indic\u00f3, se constat\u00f3 que el ni\u00f1o ten\u00eda lesiones compatibles con golpes en todo el cuerpo. Los investigadores comprobaron, seg\u00fan trascendi\u00f3, que el hombre no se limitaba a agredir al beb\u00e9, sino que tambi\u00e9n lo hac\u00eda con el resto de sus t\u00edos, a los que exig\u00eda adem\u00e1s que arrojen al peque\u00f1o al piso con fin de que participen en los castigos.<\/p>\n<p style=\"text-align: justify;\">Una de los aspectos que no se pudo a\u00fan discernir con respecto al caso es la raz\u00f3n de la cruel actitud. Tambi\u00e9n se supo que la abuela del menor y pareja del detenido, se neg\u00f3 a declarar y mantiene un cerrado mutismo ante las preguntas de los investigadores policiales, por lo que tambi\u00e9n se intenta determinar su grado de participaci\u00f3n en los castigos a los ni\u00f1os.<\/p>\n","protected":false},"excerpt":{"rendered":"<p>La detenci\u00f3n se llev\u00f3 a cabo luego de una denuncia realizado por la madrina del peque\u00f1o, quien adem\u00e1s de se\u00f1alar que era objeto de constantes palizas aport\u00f3 un video filmado con su celular que muestra una salvaje agresi\u00f3n que lo tiene como objeto. Las im\u00e1genes muestran como el hombre arroja al beb\u00e9 al piso, lo&hellip;<\/p>\n","protected":false},"author":1,"featured_media":0,"comment_status":"open","ping_status":"open","sticky":false,"template":"","format":"standard","meta":{"footnotes":""},"categories":[22],"tags":[361,519,890,11059,11060,8728,368],"class_list":["post-23165","post","type-post","status-publish","format-standard","hentry","category-policiales","tag-bebe","tag-celular","tag-detencion","tag-filmado","tag-paliza","tag-patadas","tag-video"],"_links":{"self":[{"href":"https:\/\/www.elsindical.com.ar\/notas\/wp-json\/wp\/v2\/posts\/23165","targetHints":{"allow":["GET"]}}],"collection":[{"href":"https:\/\/www.elsindical.com.ar\/notas\/wp-json\/wp\/v2\/posts"}],"about":[{"href":"https:\/\/www.elsindical.com.ar\/notas\/wp-json\/wp\/v2\/types\/post"}],"author":[{"embeddable":true,"href":"https:\/\/www.elsindical.com.ar\/notas\/wp-json\/wp\/v2\/users\/1"}],"replies":[{"embeddable":true,"href":"https:\/\/www.elsindical.com.ar\/notas\/wp-json\/wp\/v2\/comments?post=23165"}],"version-history":[{"count":1,"href":"https:\/\/www.elsindical.com.ar\/notas\/wp-json\/wp\/v2\/posts\/23165\/revisions"}],"predecessor-version":[{"id":23167,"href":"https:\/\/www.elsindical.com.ar\/notas\/wp-json\/wp\/v2\/posts\/23165\/revisions\/23167"}],"wp:attachment":[{"href":"https:\/\/www.elsindical.com.ar\/notas\/wp-json\/wp\/v2\/media?parent=23165"}],"wp:term":[{"taxonomy":"category","embeddable":true,"href":"https:\/\/www.elsindical.com.ar\/notas\/wp-json\/wp\/v2\/categories?post=23165"},{"taxonomy":"post_tag","embeddable":true,"href":"https:\/\/www.elsindical.com.ar\/notas\/wp-json\/wp\/v2\/tags?post=23165"}],"curies":[{"name":"wp","href":"https:\/\/api.w.org\/{rel}","templated":true}]}}