{"id":2312,"date":"2009-12-14T15:00:27","date_gmt":"2009-12-14T18:00:27","guid":{"rendered":"http:\/\/www.elsindical.com.ar\/notas\/?p=2312"},"modified":"2009-12-14T15:00:27","modified_gmt":"2009-12-14T18:00:27","slug":"robaron-una-pc-con-valiosos-datos-de-la-universidad-di-tella","status":"publish","type":"post","link":"https:\/\/www.elsindical.com.ar\/notas\/robaron-una-pc-con-valiosos-datos-de-la-universidad-di-tella\/","title":{"rendered":"Robaron una PC con valiosos datos de la Universidad Di Tella"},"content":{"rendered":"<p style=\"text-align: justify;\"><em>El hecho ocurri\u00f3 ayer por la ma\u00f1ana cuando ocho ladrones fuertemente armados irrumpieron en la sede ubicada en N\u00fa\u00f1ez y se llevaron\u00a0las m\u00e1quinas que <\/em><strong><em>conten\u00edan investigaciones cient\u00edficas.<\/em> <\/strong><\/p>\n<div style=\"text-align: justify;\">\n<p id=\"cuerpoNota\" style=\"text-align: justify;\">La Universidad Torcuato Di Tella inform\u00f3 que <strong>durante la ma\u00f1ana del domingo <\/strong>ocho asaltantes ingresaron en su sede Alcorta, barrio porte\u00f1o de N\u00fa\u00f1ez, y <strong>se llevaron computadoras <\/strong>con \u00aba\u00f1os de investigaciones cient\u00edficas de valor incalculable\u00bb.<\/p>\n<p>Los asaltantes, que estaban fuertemente armados, redujeron al personal de seguridad, <strong>ingresaron al edificio con dos camionetas y se llevaron las computadoras<\/strong>, se\u00f1al\u00f3 la universidad en un comunicado.<\/p>\n<p>Las autoridades tambi\u00e9n dijeron que\u00a0pidieron a la Polic\u00eda Federal \u00abagote las instancias <strong>para la recuperaci\u00f3n de los discos r\u00edgidos de las computadoras sustra\u00eddas<\/strong>\u00ab.<\/p>\n<\/div>\n","protected":false},"excerpt":{"rendered":"<p>El hecho ocurri\u00f3 ayer por la ma\u00f1ana cuando ocho ladrones fuertemente armados irrumpieron en la sede ubicada en N\u00fa\u00f1ez y se llevaron\u00a0las m\u00e1quinas que conten\u00edan investigaciones cient\u00edficas. La Universidad Torcuato Di Tella inform\u00f3 que durante la ma\u00f1ana del domingo ocho asaltantes ingresaron en su sede Alcorta, barrio porte\u00f1o de N\u00fa\u00f1ez, y se llevaron computadoras con&hellip;<\/p>\n","protected":false},"author":1,"featured_media":0,"comment_status":"open","ping_status":"open","sticky":false,"template":"","format":"standard","meta":{"footnotes":""},"categories":[22],"tags":[541,1210,1207,698,116,1209,1208],"class_list":["post-2312","post","type-post","status-publish","format-standard","hentry","category-policiales","tag-asaltantes","tag-nunez","tag-pc","tag-pfa","tag-robo","tag-torcuato-di-tella","tag-universidad"],"_links":{"self":[{"href":"https:\/\/www.elsindical.com.ar\/notas\/wp-json\/wp\/v2\/posts\/2312","targetHints":{"allow":["GET"]}}],"collection":[{"href":"https:\/\/www.elsindical.com.ar\/notas\/wp-json\/wp\/v2\/posts"}],"about":[{"href":"https:\/\/www.elsindical.com.ar\/notas\/wp-json\/wp\/v2\/types\/post"}],"author":[{"embeddable":true,"href":"https:\/\/www.elsindical.com.ar\/notas\/wp-json\/wp\/v2\/users\/1"}],"replies":[{"embeddable":true,"href":"https:\/\/www.elsindical.com.ar\/notas\/wp-json\/wp\/v2\/comments?post=2312"}],"version-history":[{"count":2,"href":"https:\/\/www.elsindical.com.ar\/notas\/wp-json\/wp\/v2\/posts\/2312\/revisions"}],"predecessor-version":[{"id":2314,"href":"https:\/\/www.elsindical.com.ar\/notas\/wp-json\/wp\/v2\/posts\/2312\/revisions\/2314"}],"wp:attachment":[{"href":"https:\/\/www.elsindical.com.ar\/notas\/wp-json\/wp\/v2\/media?parent=2312"}],"wp:term":[{"taxonomy":"category","embeddable":true,"href":"https:\/\/www.elsindical.com.ar\/notas\/wp-json\/wp\/v2\/categories?post=2312"},{"taxonomy":"post_tag","embeddable":true,"href":"https:\/\/www.elsindical.com.ar\/notas\/wp-json\/wp\/v2\/tags?post=2312"}],"curies":[{"name":"wp","href":"https:\/\/api.w.org\/{rel}","templated":true}]}}