{"id":23039,"date":"2012-04-16T10:25:16","date_gmt":"2012-04-16T13:25:16","guid":{"rendered":"http:\/\/www.elsindical.com.ar\/notas\/?p=23039"},"modified":"2012-04-16T10:25:16","modified_gmt":"2012-04-16T13:25:16","slug":"efemeridesdel-dia-16-de-abril-2","status":"publish","type":"post","link":"https:\/\/www.elsindical.com.ar\/notas\/efemeridesdel-dia-16-de-abril-2\/","title":{"rendered":"EFEM\u00c9RIDES:DEL D\u00cdA 16 DE ABRIL"},"content":{"rendered":"<p style=\"text-align: justify;\"><a href=\"http:\/\/www.elsindical.com.ar\/notas\/var\/www\/html\/notas\/wp-content\/uploads\/2012\/04\/Charles-Chaplin.jpg\"><img loading=\"lazy\" decoding=\"async\" class=\"alignleft size-full wp-image-23040\" title=\"Charles-Chaplin\" src=\"http:\/\/www.elsindical.com.ar\/notas\/var\/www\/html\/notas\/wp-content\/uploads\/2012\/04\/Charles-Chaplin.jpg\" alt=\"\" width=\"207\" height=\"270\" \/><\/a>En un d\u00eda como hoy, pero de 1889, nace Charles Chaplin, \u00abCharlot\u00bb, cineasta brit\u00e1nico.<\/p>\n<p style=\"text-align: justify;\">1581- Felipe II es proclamado rey de Portugal en el monasterio de Tomar, tras la conquista de dicho territorio peninsular por las tropas espa\u00f1olas.<\/p>\n<p style=\"text-align: justify;\">1622- El cardenal Richelieu es nombrado primer ministro de Francia, cargo que ejerci\u00f3 en los reinados de Luis XIII y Luis XIV.<\/p>\n<p style=\"text-align: justify;\">1828- Muere Francisco de Goya, pintor espa\u00f1ol.<\/p>\n<p style=\"text-align: justify;\">1854- Un terremoto destruye San Salvador y se traslada la capital de forma provisional a Cojutepeque.<\/p>\n<p style=\"text-align: justify;\">1866- Guerra de la Triple Alianza (Argentina, Brasil y Uruguay) contra Paraguay, que dur\u00f3 hasta 1870 y cost\u00f3 a este pa\u00eds la vida de medio mill\u00f3n de personas y la ruina econ\u00f3mica.<\/p>\n<p style=\"text-align: justify;\">1867- Nace Wilbur Wright, pionero de la aviaci\u00f3n estadounidense.<\/p>\n<p style=\"text-align: justify;\">1871- Constituci\u00f3n del Imperio alem\u00e1n, que permaneci\u00f3 vigente hasta la revoluci\u00f3n de noviembre de 1918.<\/p>\n<p style=\"text-align: justify;\">1893- Nace Federico Mompou, compositor espa\u00f1ol.<\/p>\n<p style=\"text-align: justify;\">1917- Primera Guerra Mundial: Comienza la ofensiva francesa del \u00abChemin des Dames\u00bb.<\/p>\n<p style=\"text-align: justify;\">1921- Nace Peter Ustinov, actor brit\u00e1nico.<\/p>\n<p style=\"text-align: justify;\">1927- Nace Joseph Ratzinger, actual papa Benedicto XVI, en Marktl am Inn, di\u00f3cesis de Passau, en Baviera (Alemania).<\/p>\n<p style=\"text-align: justify;\">1930- Comienza la guerra civil en China.<\/p>\n<p style=\"text-align: justify;\">1940- Nace Margarita II, reina de Dinamarca.<\/p>\n<p style=\"text-align: justify;\">1943- Charles Chaplin contrae su cuarto matrimonio con Oona O&#8217;Neil, hija del escritor Eugene O&#8217;Neil.<\/p>\n<p style=\"text-align: justify;\">1948- Se funda en Par\u00eds la Organizaci\u00f3n Europea de Cooperaci\u00f3n Econ\u00f3mica, que constituye uno de los primeros pasos para la unidad europea y el futuro Mercado Com\u00fan.<\/p>\n<p style=\"text-align: justify;\">1952- El l\u00edder del Movimiento Nacionalista Revolucionario, V\u00edctor Paz Estenssoro, jura su cargo de presidente de la Rep\u00fablica de Bolivia.<\/p>\n<p style=\"text-align: justify;\">1955- Nace Henri de Nassau, gran duque de Luxemburgo.<\/p>\n<p style=\"text-align: justify;\">1970- Comienza en Viena la conferencia SALT, entre sovi\u00e9ticos y estadounidenses, en la que tratan la limitaci\u00f3n de armas estrat\u00e9gicas.<\/p>\n<p style=\"text-align: justify;\">&#8211; El Gobierno peruano publica una ley por la que se establece un control oficial en la venta de metales en el pa\u00eds.<\/p>\n<p style=\"text-align: justify;\">&#8211; Regresa a Santo Domingo el ex presidente Juan Bosch, que viv\u00eda voluntariamente exiliado en Espa\u00f1a.<\/p>\n<p style=\"text-align: justify;\">1972- Fallece Yusunari Kawabata, novelista japon\u00e9s, premio Nobel de Literatura 1968.<\/p>\n<p style=\"text-align: justify;\">1984- Gran manifestaci\u00f3n (1.300.000 personas) en Sao Paulo para pedir el restablecimiento de elecciones democr\u00e1ticas en Brasil.<\/p>\n<p style=\"text-align: justify;\">&#8211; Vaselin Djuradevic es elegido nuevo presidente de Yugoslavia.<\/p>\n<p style=\"text-align: justify;\">1986- Ra\u00fal Alfons\u00edn propone fundar la Segunda Rep\u00fablica y trasladar la capital de Argentina a Viedma, en el sur del pa\u00eds.<\/p>\n<p style=\"text-align: justify;\">1988- Asesinado en T\u00fanez el lugarteniente de Yaser Arafat y \u00abn\u00famero dos\u00bb de la OLP, Abu Yihad, por un comando de 30 personas supuestamente pertenecientes a los servicios secretos de Israel.<\/p>\n<p style=\"text-align: justify;\">1989- Los uruguayos legitiman en refer\u00e9ndum, con un 57,22 por cien de votos, la ley que exculpa a los militares de la dictadura.<\/p>\n<p style=\"text-align: justify;\">1997- Fallece Emilio Azc\u00e1rraga Milmo, magnate mexicano propietario de Televisa.<\/p>\n<p style=\"text-align: justify;\">1998- Muere Pol Pot, ex presidente de Camboya e hist\u00f3rico l\u00edder de la organizaci\u00f3n de orientaci\u00f3n mao\u00edsta Jemer Rojo, responsable del genocidio de dos de los siete millones de camboyanos muertos entre 1975 y 1979.<\/p>\n<p style=\"text-align: justify;\">2000- El ex presidente de Honduras Policarpo Paz Garc\u00eda, \u00faltimo gobernante militar del pa\u00eds y que propici\u00f3 la transici\u00f3n democr\u00e1tica, muere en Tegucigalpa.<\/p>\n<p style=\"text-align: justify;\">2002- Muere Ramiro de Le\u00f3n Carpio, presidente guatemalteco.<\/p>\n<p style=\"text-align: justify;\">2003- Nace la Uni\u00f3n Europea de los 25 miembros tras la firma del Tratado de Adhesi\u00f3n de 10 socios del centro y este del continente.<\/p>\n<p style=\"text-align: justify;\">2007- Un pistolero mata a 32 personas en la Universidad Polit\u00e9cnica de Virginia (EEUU) y se quita la vida.<\/p>\n","protected":false},"excerpt":{"rendered":"<p>En un d\u00eda como hoy, pero de 1889, nace Charles Chaplin, \u00abCharlot\u00bb, cineasta brit\u00e1nico. 1581- Felipe II es proclamado rey de Portugal en el monasterio de Tomar, tras la conquista de dicho territorio peninsular por las tropas espa\u00f1olas. 1622- El cardenal Richelieu es nombrado primer ministro de Francia, cargo que ejerci\u00f3 en los reinados de&hellip;<\/p>\n","protected":false},"author":1,"featured_media":0,"comment_status":"open","ping_status":"open","sticky":false,"template":"","format":"standard","meta":{"footnotes":""},"categories":[14],"tags":[],"class_list":["post-23039","post","type-post","status-publish","format-standard","hentry","category-efemerides"],"_links":{"self":[{"href":"https:\/\/www.elsindical.com.ar\/notas\/wp-json\/wp\/v2\/posts\/23039","targetHints":{"allow":["GET"]}}],"collection":[{"href":"https:\/\/www.elsindical.com.ar\/notas\/wp-json\/wp\/v2\/posts"}],"about":[{"href":"https:\/\/www.elsindical.com.ar\/notas\/wp-json\/wp\/v2\/types\/post"}],"author":[{"embeddable":true,"href":"https:\/\/www.elsindical.com.ar\/notas\/wp-json\/wp\/v2\/users\/1"}],"replies":[{"embeddable":true,"href":"https:\/\/www.elsindical.com.ar\/notas\/wp-json\/wp\/v2\/comments?post=23039"}],"version-history":[{"count":1,"href":"https:\/\/www.elsindical.com.ar\/notas\/wp-json\/wp\/v2\/posts\/23039\/revisions"}],"predecessor-version":[{"id":23041,"href":"https:\/\/www.elsindical.com.ar\/notas\/wp-json\/wp\/v2\/posts\/23039\/revisions\/23041"}],"wp:attachment":[{"href":"https:\/\/www.elsindical.com.ar\/notas\/wp-json\/wp\/v2\/media?parent=23039"}],"wp:term":[{"taxonomy":"category","embeddable":true,"href":"https:\/\/www.elsindical.com.ar\/notas\/wp-json\/wp\/v2\/categories?post=23039"},{"taxonomy":"post_tag","embeddable":true,"href":"https:\/\/www.elsindical.com.ar\/notas\/wp-json\/wp\/v2\/tags?post=23039"}],"curies":[{"name":"wp","href":"https:\/\/api.w.org\/{rel}","templated":true}]}}