{"id":23036,"date":"2012-04-15T20:09:12","date_gmt":"2012-04-15T23:09:12","guid":{"rendered":"http:\/\/www.elsindical.com.ar\/notas\/?p=23036"},"modified":"2012-04-15T20:09:12","modified_gmt":"2012-04-15T23:09:12","slug":"zaffaroni-respaldo-el-proyecto-que-intenta-modificar-el-codigo-penal","status":"publish","type":"post","link":"https:\/\/www.elsindical.com.ar\/notas\/zaffaroni-respaldo-el-proyecto-que-intenta-modificar-el-codigo-penal\/","title":{"rendered":"Zaffaroni respald\u00f3 el proyecto que intenta modificar el C\u00f3digo Penal"},"content":{"rendered":"<p style=\"text-align: justify;\"><em><a href=\"http:\/\/www.elsindical.com.ar\/notas\/var\/www\/html\/notas\/wp-content\/uploads\/2011\/04\/Juez-Eugenio-Zaffaroni.jpg\"><img loading=\"lazy\" decoding=\"async\" class=\"alignleft size-medium wp-image-13842\" title=\"Juez-Eugenio-Zaffaroni\" src=\"http:\/\/www.elsindical.com.ar\/notas\/var\/www\/html\/notas\/wp-content\/uploads\/2011\/04\/Juez-Eugenio-Zaffaroni-300x221.jpg\" alt=\"\" width=\"300\" height=\"221\" srcset=\"https:\/\/www.elsindical.com.ar\/notas\/var\/www\/html\/notas\/wp-content\/uploads\/2011\/04\/Juez-Eugenio-Zaffaroni-300x221.jpg 300w, https:\/\/www.elsindical.com.ar\/notas\/var\/www\/html\/notas\/wp-content\/uploads\/2011\/04\/Juez-Eugenio-Zaffaroni.jpg 325w\" sizes=\"auto, (max-width: 300px) 100vw, 300px\" \/><\/a>El vocal de la Corte Suprema de Justicia de la Naci\u00f3n, Eugenio Zaffaroni, sugiri\u00f3 la necesidad de reformar el C\u00f3digo Penal del pa\u00eds porque consider\u00f3 que, a ra\u00edz de los retoques realizados en las \u00faltimas d\u00e9cadas, se transform\u00f3 en un \u201ctexto totalmente incoherente\u201d. \u201cLa \u00fanica manera de que la reforma sea viable es que se haga una comisi\u00f3n que trabaje sobre proyectos anteriores, pero debe tener representaci\u00f3n pol\u00edtica plural\u201d, indic\u00f3 el magistrado.<\/em><\/p>\n<p style=\"text-align: justify;\">El Juez de la Corte Suprema de Justicia de la Naci\u00f3n, Eugenio Zaffaroni, destac\u00f3 hoy la \u00abnecesidad\u00bb de reformar el C\u00f3digo Penal y de realizarlo de una manera que sirva de \u00abrepresentaci\u00f3n pol\u00edtica plural\u00bb.<\/p>\n<p style=\"text-align: justify;\">De este modo, explic\u00f3 que apoya la idea ya que considera que, a ra\u00edz de los retoques realizados en las \u00faltimas d\u00e9cadas, se transform\u00f3 en un \u201ctexto totalmente incoherente\u201d.<\/p>\n<p style=\"text-align: justify;\">\u201cHoy no existe un C\u00f3digo Penal\u00bb, afirm\u00f3 Zaffaroni.<\/p>\n<p style=\"text-align: justify;\">El vocal del m\u00e1ximo Tribunal realiz\u00f3 estas declaraciones en Tucum\u00e1n, donde asisti\u00f3 para desarrollar diversas actividades y disertaciones sobre \u00abPol\u00edticas Criminales: Prevenci\u00f3n o Reacci\u00f3n\u00bb.<\/p>\n<p style=\"text-align: justify;\">Seg\u00fan Zaffaroni \u00abel viejo texto, de 1921, era respetable\u00bb, pero considera que con el paso del tiempo \u00abfue destripado con reformas parciales de Gobiernos de facto y contrarreformas de Gobiernos constitucionales\u00bb.<\/p>\n<p style=\"text-align: justify;\">\u00abEn los \u00faltimos casi 30 a\u00f1os de democracia sufri\u00f3 una cantidad de remiendos, la mayor parte de ellos desafortunados y por eso ahora tenemos un texto totalmente incoherente\u201d, afirm\u00f3.<\/p>\n<p style=\"text-align: justify;\">Los dichos de Zaffaroni, que sugieren la necesidad de la reforma en la legislaci\u00f3n, se dan cuando el proyecto de reforma del C\u00f3digo Civil se encuentra en el Congreso.<\/p>\n<p style=\"text-align: justify;\">\u201cLa \u00fanica manera de que la reforma sea viable es que se haga una comisi\u00f3n que trabaje sobre proyectos anteriores, pero debe tener representaci\u00f3n pol\u00edtica plural\u201d, indic\u00f3.<\/p>\n<p style=\"text-align: justify;\">En tanto, record\u00f3 que de esa forma Rodolfo Moreno dio forma al C\u00f3digo original ya que \u201csi bien \u00e9l era opositor a Hip\u00f3lito Yrigoyen, propuso sumar a la comisi\u00f3n dos diputados de este y dos socialistas para coronar la obra\u00bb.<\/p>\n<p style=\"text-align: justify;\">\u00abLa viabilidad pol\u00edtica depende de los pol\u00edticos, ya no de m\u00ed\u201d, expres\u00f3 el vocal de la Corte.<\/p>\n","protected":false},"excerpt":{"rendered":"<p>El vocal de la Corte Suprema de Justicia de la Naci\u00f3n, Eugenio Zaffaroni, sugiri\u00f3 la necesidad de reformar el C\u00f3digo Penal del pa\u00eds porque consider\u00f3 que, a ra\u00edz de los retoques realizados en las \u00faltimas d\u00e9cadas, se transform\u00f3 en un \u201ctexto totalmente incoherente\u201d. \u201cLa \u00fanica manera de que la reforma sea viable es que se&hellip;<\/p>\n","protected":false},"author":1,"featured_media":0,"comment_status":"open","ping_status":"open","sticky":false,"template":"","format":"standard","meta":{"footnotes":""},"categories":[13],"tags":[4938,733,9969,4370,1453,11010,11009],"class_list":["post-23036","post","type-post","status-publish","format-standard","hentry","category-politica","tag-comision","tag-corte-suprema","tag-eugenio-zaffaroni","tag-magistrado","tag-politicos","tag-proyectos","tag-reforma-codigo-penal"],"_links":{"self":[{"href":"https:\/\/www.elsindical.com.ar\/notas\/wp-json\/wp\/v2\/posts\/23036","targetHints":{"allow":["GET"]}}],"collection":[{"href":"https:\/\/www.elsindical.com.ar\/notas\/wp-json\/wp\/v2\/posts"}],"about":[{"href":"https:\/\/www.elsindical.com.ar\/notas\/wp-json\/wp\/v2\/types\/post"}],"author":[{"embeddable":true,"href":"https:\/\/www.elsindical.com.ar\/notas\/wp-json\/wp\/v2\/users\/1"}],"replies":[{"embeddable":true,"href":"https:\/\/www.elsindical.com.ar\/notas\/wp-json\/wp\/v2\/comments?post=23036"}],"version-history":[{"count":2,"href":"https:\/\/www.elsindical.com.ar\/notas\/wp-json\/wp\/v2\/posts\/23036\/revisions"}],"predecessor-version":[{"id":23038,"href":"https:\/\/www.elsindical.com.ar\/notas\/wp-json\/wp\/v2\/posts\/23036\/revisions\/23038"}],"wp:attachment":[{"href":"https:\/\/www.elsindical.com.ar\/notas\/wp-json\/wp\/v2\/media?parent=23036"}],"wp:term":[{"taxonomy":"category","embeddable":true,"href":"https:\/\/www.elsindical.com.ar\/notas\/wp-json\/wp\/v2\/categories?post=23036"},{"taxonomy":"post_tag","embeddable":true,"href":"https:\/\/www.elsindical.com.ar\/notas\/wp-json\/wp\/v2\/tags?post=23036"}],"curies":[{"name":"wp","href":"https:\/\/api.w.org\/{rel}","templated":true}]}}