{"id":22943,"date":"2012-04-13T01:06:44","date_gmt":"2012-04-13T04:06:44","guid":{"rendered":"http:\/\/www.elsindical.com.ar\/notas\/?p=22943"},"modified":"2012-04-13T01:06:44","modified_gmt":"2012-04-13T04:06:44","slug":"denuncian-que-el-bloque-del-pro-trabo-las-puertas-del-recinto-de-la-legislatura","status":"publish","type":"post","link":"https:\/\/www.elsindical.com.ar\/notas\/denuncian-que-el-bloque-del-pro-trabo-las-puertas-del-recinto-de-la-legislatura\/","title":{"rendered":"Denuncian que el bloque del PRO trab\u00f3 las puertas del recinto de la Legislatura"},"content":{"rendered":"<p style=\"text-align: justify;\"><em><a href=\"http:\/\/www.elsindical.com.ar\/notas\/var\/www\/html\/notas\/wp-content\/uploads\/2012\/04\/puertas-cerradas-Legislatura.jpg\"><img loading=\"lazy\" decoding=\"async\" class=\"alignleft size-medium wp-image-22944\" title=\"puertas-cerradas-Legislatura\" src=\"http:\/\/www.elsindical.com.ar\/notas\/var\/www\/html\/notas\/wp-content\/uploads\/2012\/04\/puertas-cerradas-Legislatura-300x225.jpg\" alt=\"\" width=\"300\" height=\"225\" srcset=\"https:\/\/www.elsindical.com.ar\/notas\/var\/www\/html\/notas\/wp-content\/uploads\/2012\/04\/puertas-cerradas-Legislatura-300x225.jpg 300w, https:\/\/www.elsindical.com.ar\/notas\/var\/www\/html\/notas\/wp-content\/uploads\/2012\/04\/puertas-cerradas-Legislatura.jpg 413w\" sizes=\"auto, (max-width: 300px) 100vw, 300px\" \/><\/a>Legisladores del <strong>Frente para la Victoria y otros bloques <\/strong>denunciaron que el <strong>PRO<\/strong> decidi\u00f3 trabar todas las puertas del recinto \u00abpara que no hubiera sesi\u00f3n\u00bb. \u00ab<strong>Nunca pas\u00f3 esto en toda la historia<\/strong>\u00ab, denunci\u00f3 An\u00edbal Ibarra.<\/em><\/p>\n<p style=\"text-align: justify;\">Representantes del Frente para la Victoria y otros bloques de la oposici\u00f3n denunciaron\u00a0que el PRO decidi\u00f3 <strong>\u00abcerrar con llave todas las puertas<\/strong>\u00bb de la c\u00e1mara debido a que corr\u00edan el riesgo de que la \u00aboposici\u00f3n llegase al qu\u00f3rum\u00bb para evitar \u00abdar respuesta por sus ausencias durante el temporal\u00bb del mi\u00e9rcoles pasado, explic\u00f3 <strong>An\u00edbal Ibarra<\/strong>.<\/p>\n<p style=\"text-align: justify;\">El ex jefe de Gobierno porte\u00f1o responsabiliz\u00f3 por el hecho al vicepresidente primero del Poder Legislativo, <strong>Cristian Ritondo<\/strong>. En di\u00e1logo con este medio, el dirigente macrista desestim\u00f3 las acusaciones: \u00ab<strong>Ayer no hubo<\/strong> [reuni\u00f3n de la comisi\u00f3n de] <strong>Labor Parlamentaria<\/strong>, entonces no hay temario ni convocatoria para que hoy haya sesi\u00f3n\u00bb.<\/p>\n<p style=\"text-align: justify;\">En ese sentido, Ritondo sostuvo adem\u00e1s que, si la oposici\u00f3n quisiese intentar juntar el n\u00famero de legisladores necesarios para dar el qu\u00f3rum, podr\u00eda hacerlo. Esto se debe a que el vicepresidente segundo de la Legislatura, el kirchnerista <strong>Dante \u00abCanca\u00bb Gullo<\/strong>, cuenta con una copia de las llaves. \u00ab<strong>\u00c9l tampoco lo abre porque no hay temario ni convocatoria<\/strong>\u00ab, argument\u00f3.<br \/>\nAl ser consultado al respecto, Gullo coincidi\u00f3 con el dirigente del PRO: \u00ab<strong>A las 14 estaba cerrada. Ahora ya todo no tiene legitimidad<\/strong>\u00ab. Sin embargo, pese a la oposici\u00f3n del hist\u00f3rico dirigente peronista, legisladores que responden a su bloque, como <strong>Juan Cabandi\u00e9<\/strong> o <strong>Mar\u00eda Jos\u00e9 Lubertino<\/strong> o aliados como <strong>Nuevo Encuentro<\/strong> aguardaban a las puertas del recinto para poder ingresar.<\/p>\n<p style=\"text-align: justify;\">\u00ab<strong>Nunca pas\u00f3 esto en toda la historia<\/strong>\u00ab, concluy\u00f3 Ibarra, l\u00edder del Frente Progresista Popular e integrante del interbloque kirchnerista.<\/p>\n","protected":false},"excerpt":{"rendered":"<p>Legisladores del Frente para la Victoria y otros bloques denunciaron que el PRO decidi\u00f3 trabar todas las puertas del recinto \u00abpara que no hubiera sesi\u00f3n\u00bb. \u00abNunca pas\u00f3 esto en toda la historia\u00ab, denunci\u00f3 An\u00edbal Ibarra. Representantes del Frente para la Victoria y otros bloques de la oposici\u00f3n denunciaron\u00a0que el PRO decidi\u00f3 \u00abcerrar con llave todas&hellip;<\/p>\n","protected":false},"author":1,"featured_media":0,"comment_status":"open","ping_status":"open","sticky":false,"template":"","format":"standard","meta":{"footnotes":""},"categories":[13],"tags":[10961,775,588,449,810,10964,328,10960,10963,10962,565],"class_list":["post-22943","post","type-post","status-publish","format-standard","hentry","category-politica","tag-cerradas","tag-gobierno-porteno","tag-legisladores","tag-legislatura","tag-oposicion","tag-poder-legislativo","tag-pro","tag-puertas","tag-quorum","tag-recinto","tag-votacion"],"_links":{"self":[{"href":"https:\/\/www.elsindical.com.ar\/notas\/wp-json\/wp\/v2\/posts\/22943","targetHints":{"allow":["GET"]}}],"collection":[{"href":"https:\/\/www.elsindical.com.ar\/notas\/wp-json\/wp\/v2\/posts"}],"about":[{"href":"https:\/\/www.elsindical.com.ar\/notas\/wp-json\/wp\/v2\/types\/post"}],"author":[{"embeddable":true,"href":"https:\/\/www.elsindical.com.ar\/notas\/wp-json\/wp\/v2\/users\/1"}],"replies":[{"embeddable":true,"href":"https:\/\/www.elsindical.com.ar\/notas\/wp-json\/wp\/v2\/comments?post=22943"}],"version-history":[{"count":2,"href":"https:\/\/www.elsindical.com.ar\/notas\/wp-json\/wp\/v2\/posts\/22943\/revisions"}],"predecessor-version":[{"id":22946,"href":"https:\/\/www.elsindical.com.ar\/notas\/wp-json\/wp\/v2\/posts\/22943\/revisions\/22946"}],"wp:attachment":[{"href":"https:\/\/www.elsindical.com.ar\/notas\/wp-json\/wp\/v2\/media?parent=22943"}],"wp:term":[{"taxonomy":"category","embeddable":true,"href":"https:\/\/www.elsindical.com.ar\/notas\/wp-json\/wp\/v2\/categories?post=22943"},{"taxonomy":"post_tag","embeddable":true,"href":"https:\/\/www.elsindical.com.ar\/notas\/wp-json\/wp\/v2\/tags?post=22943"}],"curies":[{"name":"wp","href":"https:\/\/api.w.org\/{rel}","templated":true}]}}