{"id":22922,"date":"2012-04-12T12:15:03","date_gmt":"2012-04-12T15:15:03","guid":{"rendered":"http:\/\/www.elsindical.com.ar\/notas\/?p=22922"},"modified":"2012-04-12T12:15:03","modified_gmt":"2012-04-12T15:15:03","slug":"duras-frases-del-legislador-juan-cabandie-al-macrismo-y-los-medios","status":"publish","type":"post","link":"https:\/\/www.elsindical.com.ar\/notas\/duras-frases-del-legislador-juan-cabandie-al-macrismo-y-los-medios\/","title":{"rendered":"Duras frases del legislador Juan Cabandi\u00e9 al macrismo y los medios"},"content":{"rendered":"<p style=\"text-align: justify;\"><em><a href=\"http:\/\/www.elsindical.com.ar\/notas\/var\/www\/html\/notas\/wp-content\/uploads\/2012\/04\/Juan-Canbandi\u00e9.jpg\"><img loading=\"lazy\" decoding=\"async\" class=\"alignleft size-medium wp-image-22923\" title=\"Juan-Canbandi\u00e9\" src=\"http:\/\/www.elsindical.com.ar\/notas\/var\/www\/html\/notas\/wp-content\/uploads\/2012\/04\/Juan-Canbandi\u00e9-300x252.jpg\" alt=\"\" width=\"300\" height=\"252\" srcset=\"https:\/\/www.elsindical.com.ar\/notas\/var\/www\/html\/notas\/wp-content\/uploads\/2012\/04\/Juan-Canbandi\u00e9-300x252.jpg 300w, https:\/\/www.elsindical.com.ar\/notas\/var\/www\/html\/notas\/wp-content\/uploads\/2012\/04\/Juan-Canbandi\u00e9.jpg 419w\" sizes=\"auto, (max-width: 300px) 100vw, 300px\" \/><\/a>Cansado de escuchar al Gobierno porte\u00f1o decir que estuvieron presentes en los barrios colaborando con los damnificados, el diputado <strong>Juan Cabandi\u00e9 <\/strong>revel\u00f3 que \u00abno hay ni una foto de los funcionarios en los barrios. Ni TN ni Clar\u00edn las pueden mostrar\u201d.<\/em><\/p>\n<p style=\"text-align: justify;\"><em>\u201cLos equipos tienen que estar conducidos por funcionarios que deben predicar con el ejemplo encabezando las tareas y el contacto con las personas que sufrieron las consecuencias del temporal\u201d<\/em>, sostuvo<strong> Cabandi\u00e9 <\/strong>en di\u00e1logo con T\u00e9lam.<\/p>\n<p style=\"text-align: justify;\">En ese sentido, agreg\u00f3: <em>\u201cNosotros estuvimos en los barrios, con la militancia, cientos de compa\u00f1eros dieron una mano y nadie vio a cuadrillas de la Ciudad (de Buenos Aires)\u201d.<\/em><\/p>\n<p style=\"text-align: justify;\"><em>\u201cSi las cuadrillas del Gobierno porte\u00f1o hubiesen estado presentes, esto se tendr\u00eda que reflejar en los medios. No hay ni una foto de los funcionarios en los barrios. Ni TN ni Clar\u00edn las pueden mostrar\u201d<\/em>, asegur\u00f3.<\/p>\n<p style=\"text-align: justify;\">Para Cabandi\u00e9, <em>\u201cla protecci\u00f3n medi\u00e1tica hacia Macri y sus funcionarios es escandalosa\u201d<\/em>, y agreg\u00f3 que<em> \u201ces admirable la desfachatez y la falta de autocr\u00edtica del Gobierno porte\u00f1o\u201d.<\/em><\/p>\n<p style=\"text-align: justify;\"><em>\u201cVidal dice que trabajan en equipo, pero ni los equipos ni las conducciones estuvieron en los barrios. <strong>Rodr\u00edguez Larreta<\/strong> estaba en Miami y Stanley de paseo en Punta del Este, mientras los vecinos de la ciudad se quedaban sin techo\u201d<\/em>, complet\u00f3.<\/p>\n<div id=\"firma\" style=\"text-align: justify;\">T\u00e9lam<\/div>\n","protected":false},"excerpt":{"rendered":"<p>Cansado de escuchar al Gobierno porte\u00f1o decir que estuvieron presentes en los barrios colaborando con los damnificados, el diputado Juan Cabandi\u00e9 revel\u00f3 que \u00abno hay ni una foto de los funcionarios en los barrios. Ni TN ni Clar\u00edn las pueden mostrar\u201d. \u201cLos equipos tienen que estar conducidos por funcionarios que deben predicar con el ejemplo&hellip;<\/p>\n","protected":false},"author":1,"featured_media":0,"comment_status":"open","ping_status":"open","sticky":false,"template":"","format":"standard","meta":{"footnotes":""},"categories":[13],"tags":[70,6983,76,3094,10959,10957,10958,71],"class_list":["post-22922","post","type-post","status-publish","format-standard","hentry","category-politica","tag-clarin","tag-juan-cabandie","tag-mauricio-macri","tag-miami","tag-punta-este","tag-rodroguez-larreta","tag-stanley","tag-tn"],"_links":{"self":[{"href":"https:\/\/www.elsindical.com.ar\/notas\/wp-json\/wp\/v2\/posts\/22922","targetHints":{"allow":["GET"]}}],"collection":[{"href":"https:\/\/www.elsindical.com.ar\/notas\/wp-json\/wp\/v2\/posts"}],"about":[{"href":"https:\/\/www.elsindical.com.ar\/notas\/wp-json\/wp\/v2\/types\/post"}],"author":[{"embeddable":true,"href":"https:\/\/www.elsindical.com.ar\/notas\/wp-json\/wp\/v2\/users\/1"}],"replies":[{"embeddable":true,"href":"https:\/\/www.elsindical.com.ar\/notas\/wp-json\/wp\/v2\/comments?post=22922"}],"version-history":[{"count":1,"href":"https:\/\/www.elsindical.com.ar\/notas\/wp-json\/wp\/v2\/posts\/22922\/revisions"}],"predecessor-version":[{"id":22924,"href":"https:\/\/www.elsindical.com.ar\/notas\/wp-json\/wp\/v2\/posts\/22922\/revisions\/22924"}],"wp:attachment":[{"href":"https:\/\/www.elsindical.com.ar\/notas\/wp-json\/wp\/v2\/media?parent=22922"}],"wp:term":[{"taxonomy":"category","embeddable":true,"href":"https:\/\/www.elsindical.com.ar\/notas\/wp-json\/wp\/v2\/categories?post=22922"},{"taxonomy":"post_tag","embeddable":true,"href":"https:\/\/www.elsindical.com.ar\/notas\/wp-json\/wp\/v2\/tags?post=22922"}],"curies":[{"name":"wp","href":"https:\/\/api.w.org\/{rel}","templated":true}]}}