{"id":22882,"date":"2012-04-11T08:55:05","date_gmt":"2012-04-11T11:55:05","guid":{"rendered":"http:\/\/www.elsindical.com.ar\/notas\/?p=22882"},"modified":"2012-04-11T08:55:05","modified_gmt":"2012-04-11T11:55:05","slug":"manana-paran-los-subtes","status":"publish","type":"post","link":"https:\/\/www.elsindical.com.ar\/notas\/manana-paran-los-subtes\/","title":{"rendered":"Ma\u00f1ana paran los subtes"},"content":{"rendered":"<p style=\"text-align: justify;\"><em><a href=\"http:\/\/www.elsindical.com.ar\/notas\/var\/www\/html\/notas\/wp-content\/uploads\/2012\/03\/delegado-Segovia.jpg\"><img loading=\"lazy\" decoding=\"async\" class=\"alignleft size-medium wp-image-22330\" title=\"delegado-Segovia\" src=\"http:\/\/www.elsindical.com.ar\/notas\/var\/www\/html\/notas\/wp-content\/uploads\/2012\/03\/delegado-Segovia-300x225.jpg\" alt=\"\" width=\"300\" height=\"225\" srcset=\"https:\/\/www.elsindical.com.ar\/notas\/var\/www\/html\/notas\/wp-content\/uploads\/2012\/03\/delegado-Segovia-300x225.jpg 300w, https:\/\/www.elsindical.com.ar\/notas\/var\/www\/html\/notas\/wp-content\/uploads\/2012\/03\/delegado-Segovia.jpg 413w\" sizes=\"auto, (max-width: 300px) 100vw, 300px\" \/><\/a>La medida de fuerza de los sindicalistas ser\u00e1<strong> de 5 a 8<\/strong>, en todas las l\u00edneas y el Premetro. <strong>\u00abLa \u00fanica manera de levantar el paro\u00bb<\/strong> es con la apertura de las paritarias, se\u00f1al\u00f3 <strong>N\u00e9stor Segovia<\/strong>. Hoy, por segundo d\u00eda consecutivo, <strong>liberan molinetes<\/strong> en varias estaciones.<\/em><\/p>\n<p style=\"text-align: justify;\">La Asociaci\u00f3n Gremial de Trabajadores del Subte y Premetro (AGTSyP) lleva adelante hoy la segunda jornada de protesta con una <strong>apertura de molinetes en las principales estaciones de las seis l\u00edneas<\/strong> y, al no tener novedades sobre la discusi\u00f3n paritaria, los delegados <strong>ratificaron el paro previsto para ma\u00f1ana jueves desde las 05:00 hs.\u00a0hasta las 08:00 hs.<\/strong><\/p>\n<p style=\"text-align: justify;\">\u00abLa \u00fanica forma de no hacer paro es si el Ministerio y la empresa nos llama a discutir la paritaria hoy\u00bb, dijo N\u00e9stor Segovia, delegado de la l\u00ednea C. \u00abLa empresa dice que no tiene plata para discutir y ni a ellos ni al Ministerio les importa la situaci\u00f3n\u00bb, a\u00f1adi\u00f3 el gremialista, quien afirm\u00f3 que <strong>\u00abson los pasajeros los que quedan como rehenes\u00bb<\/strong>.<\/p>\n<p style=\"text-align: justify;\">La medida de protesta con el levantamiento de los molinetes, que comenz\u00f3 ayer, se puso en marcha a las 7 e ir\u00e1 hasta las 10 en todas las estaciones cabeceras: Carabobo y Primera Junta (l\u00ednea A); Federico Lacroze y Los Incas (l\u00ednea B); Constituci\u00f3n (l\u00ednea C); Congreso de Tucum\u00e1n (l\u00ednea D); Plaza de los Virreyes (l\u00ednea E) y Corrientes (l\u00ednea H).<\/p>\n<p style=\"text-align: justify;\">\u00abMa\u00f1ana, si no hay ninguna respuesta de la empresa (concesionaria Metrov\u00edas), seguramente, va a estar paralizado el servicio hasta las 8 de la ma\u00f1ana\u00bb, anunci\u00f3 Claudio Dellecarbonara, delegado de la L\u00ednea B.<\/p>\n<p style=\"text-align: justify;\">El titular de la AGTSyP, Roberto Pianelli, llam\u00f3 a la reflexi\u00f3n a la empresa concesionaria Metrov\u00edas, seg\u00fan su punto de vista, encargada de la negociaci\u00f3n por la mejora salarial.<\/p>\n<p style=\"text-align: justify;\">\u00abEsperemos que respondan, porque hablar con el Gobierno de la Ciudad es lo mismo que hablar con una pared o no sabe o no contesta y no tenemos lugares donde ir. Con la Naci\u00f3n es distinto, porque fuimos al Ministerio de Trabajo y nos recibieron pero todav\u00eda seguimos esperando\u00bb, explic\u00f3 Pianelli.<\/p>\n<p style=\"text-align: justify;\">El pedido de la AGTSyP es de un <strong>aumento del 28 por ciento en los salarios, m\u00e1s la suba al 2 por ciento de la antig\u0081edad y un mayor r\u00e9gimen de licencias.<\/strong><\/p>\n<p style=\"text-align: justify;\">Por su parte, la Uni\u00f3n Tranviarios Automotor (UTA), enfrentada con la AGTSyP, tampoco tuvo novedades respecto a las paritarias y mantiene la convocatoria a un paro para el jueves.<\/p>\n<p style=\"text-align: justify;\">Seg\u00fan denunci\u00f3 el titular del gremio que agrupa a los maquinistas del subte, Roberto Fern\u00e1ndez, sus reclamos no encontraron \u00abeco\u00bb en ninguna de las administraciones pol\u00edticas, por quedar absorbido en la disputa que mantienen por el traspaso del servicio.<\/p>\n","protected":false},"excerpt":{"rendered":"<p>La medida de fuerza de los sindicalistas ser\u00e1 de 5 a 8, en todas las l\u00edneas y el Premetro. \u00abLa \u00fanica manera de levantar el paro\u00bb es con la apertura de las paritarias, se\u00f1al\u00f3 N\u00e9stor Segovia. Hoy, por segundo d\u00eda consecutivo, liberan molinetes en varias estaciones. La Asociaci\u00f3n Gremial de Trabajadores del Subte y Premetro&hellip;<\/p>\n","protected":false},"author":1,"featured_media":0,"comment_status":"open","ping_status":"open","sticky":false,"template":"","format":"standard","meta":{"footnotes":""},"categories":[16],"tags":[4211,4317,67,402,8283,1230,348],"class_list":["post-22882","post","type-post","status-publish","format-standard","hentry","category-gremiales","tag-molinetes","tag-nestor-segovia","tag-paro","tag-pasajeros","tag-premetro","tag-sindicalistas","tag-subterraneos"],"_links":{"self":[{"href":"https:\/\/www.elsindical.com.ar\/notas\/wp-json\/wp\/v2\/posts\/22882","targetHints":{"allow":["GET"]}}],"collection":[{"href":"https:\/\/www.elsindical.com.ar\/notas\/wp-json\/wp\/v2\/posts"}],"about":[{"href":"https:\/\/www.elsindical.com.ar\/notas\/wp-json\/wp\/v2\/types\/post"}],"author":[{"embeddable":true,"href":"https:\/\/www.elsindical.com.ar\/notas\/wp-json\/wp\/v2\/users\/1"}],"replies":[{"embeddable":true,"href":"https:\/\/www.elsindical.com.ar\/notas\/wp-json\/wp\/v2\/comments?post=22882"}],"version-history":[{"count":1,"href":"https:\/\/www.elsindical.com.ar\/notas\/wp-json\/wp\/v2\/posts\/22882\/revisions"}],"predecessor-version":[{"id":22883,"href":"https:\/\/www.elsindical.com.ar\/notas\/wp-json\/wp\/v2\/posts\/22882\/revisions\/22883"}],"wp:attachment":[{"href":"https:\/\/www.elsindical.com.ar\/notas\/wp-json\/wp\/v2\/media?parent=22882"}],"wp:term":[{"taxonomy":"category","embeddable":true,"href":"https:\/\/www.elsindical.com.ar\/notas\/wp-json\/wp\/v2\/categories?post=22882"},{"taxonomy":"post_tag","embeddable":true,"href":"https:\/\/www.elsindical.com.ar\/notas\/wp-json\/wp\/v2\/tags?post=22882"}],"curies":[{"name":"wp","href":"https:\/\/api.w.org\/{rel}","templated":true}]}}