{"id":22874,"date":"2012-04-11T08:29:49","date_gmt":"2012-04-11T11:29:49","guid":{"rendered":"http:\/\/www.elsindical.com.ar\/notas\/?p=22874"},"modified":"2012-04-11T08:29:49","modified_gmt":"2012-04-11T11:29:49","slug":"la-presidente-propuso-a-daniel-reposo-como-nuevo-procurador","status":"publish","type":"post","link":"https:\/\/www.elsindical.com.ar\/notas\/la-presidente-propuso-a-daniel-reposo-como-nuevo-procurador\/","title":{"rendered":"La Presidente propuso a Daniel Reposo como nuevo Procurador"},"content":{"rendered":"<p style=\"text-align: justify;\"><em><strong><a href=\"http:\/\/www.elsindical.com.ar\/notas\/var\/www\/html\/notas\/wp-content\/uploads\/2012\/04\/Reposo-y-Boudou.jpg\"><img loading=\"lazy\" decoding=\"async\" class=\"alignleft size-medium wp-image-22875\" title=\"Reposo-y-Boudou\" src=\"http:\/\/www.elsindical.com.ar\/notas\/var\/www\/html\/notas\/wp-content\/uploads\/2012\/04\/Reposo-y-Boudou-300x225.jpg\" alt=\"\" width=\"300\" height=\"225\" srcset=\"https:\/\/www.elsindical.com.ar\/notas\/var\/www\/html\/notas\/wp-content\/uploads\/2012\/04\/Reposo-y-Boudou-300x225.jpg 300w, https:\/\/www.elsindical.com.ar\/notas\/var\/www\/html\/notas\/wp-content\/uploads\/2012\/04\/Reposo-y-Boudou.jpg 413w\" sizes=\"auto, (max-width: 300px) 100vw, 300px\" \/><\/a>Cristina Kirchner<\/strong> eligi\u00f3 al <strong>actual titular de la Sindicatura General de la Naci\u00f3n <\/strong>para reemplazar al saliente <strong>Esteban Righi<\/strong>, cuyo estudio jur\u00eddico fue denunciado por <strong>Boudou<\/strong> por presunto \u00ab<strong>tr\u00e1fico de influencias\u00bb en el marco de la causa judicial por la ex Ciccone. <\/strong>El Senado deber\u00e1 ratificar su designaci\u00f3n.<\/em><\/p>\n<p style=\"text-align: justify;\">La Presidencia de la Naci\u00f3n inform\u00f3 en Casa de Gobierno que <strong>Cristina Kirchner<\/strong> \u00abacept\u00f3 la renuncia del procurador general de la Naci\u00f3n, <strong>Esteban Righi,<\/strong> y propuso para el cargo a <strong>Daniel Reposo<\/strong>, actual s\u00edndico general de la Naci\u00f3n\u00bb, seg\u00fan comunic\u00f3 el vocero presidencial y secretario de Comunicaci\u00f3n P\u00fablica, <strong>Alfredo Scoccimarro<\/strong>.<\/p>\n<p style=\"text-align: justify;\">Ahora el candidato propuesto por el Poder Ejecutivo <strong>deber\u00e1 ser avalado por el Senado con el voto de las dos terceras partes de los legisladores presentes<\/strong>.<\/p>\n<p style=\"text-align: justify;\">Antes de ocupar la titularidad del \u00f3rgano de control dependiente de la Presidencia, Reposo se hab\u00eda desempe\u00f1ado como <strong>gerente de prestaciones de la Anses<\/strong>.<\/p>\n<p style=\"text-align: justify;\">El s\u00edndico saliente tambi\u00e9n particip\u00f3 junto al secretario de Comercio, <strong>Guillermo Moreno<\/strong>, de una gresca en una de las audiencias de Papel Prensa el 14 de julio de 2010.<\/p>\n<p style=\"text-align: justify;\">La postulaci\u00f3n de Reposo se da luego de que <strong>el saliente procurador presentase su renuncia<\/strong> por la \u00ab<strong>falsedad de las imputaciones<\/strong>\u00bb que realiz\u00f3 el vicepresidente Amado Boudou en una conferencia de prensa. La acusaci\u00f3n fue ratificada en una denuncia realizada ante la Justicia esta semana sobre un presunto \u00ab<strong>tr\u00e1fico de influencias<\/strong>\u00bb por parte del estudio jur\u00eddico del ex ministro del Interior de <strong>H\u00e9ctor C\u00e1mpora<\/strong>.<\/p>\n","protected":false},"excerpt":{"rendered":"<p>Cristina Kirchner eligi\u00f3 al actual titular de la Sindicatura General de la Naci\u00f3n para reemplazar al saliente Esteban Righi, cuyo estudio jur\u00eddico fue denunciado por Boudou por presunto \u00abtr\u00e1fico de influencias\u00bb en el marco de la causa judicial por la ex Ciccone. El Senado deber\u00e1 ratificar su designaci\u00f3n. La Presidencia de la Naci\u00f3n inform\u00f3 en&hellip;<\/p>\n","protected":false},"author":1,"featured_media":0,"comment_status":"open","ping_status":"open","sticky":false,"template":"","format":"standard","meta":{"footnotes":""},"categories":[13],"tags":[10940,1204,10939,85,1203,840,9964],"class_list":["post-22874","post","type-post","status-publish","format-standard","hentry","category-politica","tag-daniel-reposo","tag-esteban-righi","tag-hector-campora","tag-presidenta","tag-procurador-general-de-la-nacion","tag-renuncia","tag-vicepresidente-amado-boudou"],"_links":{"self":[{"href":"https:\/\/www.elsindical.com.ar\/notas\/wp-json\/wp\/v2\/posts\/22874","targetHints":{"allow":["GET"]}}],"collection":[{"href":"https:\/\/www.elsindical.com.ar\/notas\/wp-json\/wp\/v2\/posts"}],"about":[{"href":"https:\/\/www.elsindical.com.ar\/notas\/wp-json\/wp\/v2\/types\/post"}],"author":[{"embeddable":true,"href":"https:\/\/www.elsindical.com.ar\/notas\/wp-json\/wp\/v2\/users\/1"}],"replies":[{"embeddable":true,"href":"https:\/\/www.elsindical.com.ar\/notas\/wp-json\/wp\/v2\/comments?post=22874"}],"version-history":[{"count":2,"href":"https:\/\/www.elsindical.com.ar\/notas\/wp-json\/wp\/v2\/posts\/22874\/revisions"}],"predecessor-version":[{"id":22877,"href":"https:\/\/www.elsindical.com.ar\/notas\/wp-json\/wp\/v2\/posts\/22874\/revisions\/22877"}],"wp:attachment":[{"href":"https:\/\/www.elsindical.com.ar\/notas\/wp-json\/wp\/v2\/media?parent=22874"}],"wp:term":[{"taxonomy":"category","embeddable":true,"href":"https:\/\/www.elsindical.com.ar\/notas\/wp-json\/wp\/v2\/categories?post=22874"},{"taxonomy":"post_tag","embeddable":true,"href":"https:\/\/www.elsindical.com.ar\/notas\/wp-json\/wp\/v2\/tags?post=22874"}],"curies":[{"name":"wp","href":"https:\/\/api.w.org\/{rel}","templated":true}]}}