{"id":2287,"date":"2009-12-12T10:24:53","date_gmt":"2009-12-12T13:24:53","guid":{"rendered":"http:\/\/www.elsindical.com.ar\/notas\/?p=2287"},"modified":"2009-12-12T10:24:53","modified_gmt":"2009-12-12T13:24:53","slug":"las-expensas-subiran-un-minimo-del-diez-por-ciento","status":"publish","type":"post","link":"https:\/\/www.elsindical.com.ar\/notas\/las-expensas-subiran-un-minimo-del-diez-por-ciento\/","title":{"rendered":"Las expensas subir\u00e1n un m\u00ednimo del diez por ciento"},"content":{"rendered":"<div id=\"cope\" style=\"text-align: justify;\"><em><img loading=\"lazy\" decoding=\"async\" class=\"alignleft size-full wp-image-2288\" title=\"encargado-de-edificio\" src=\"http:\/\/www.elsindical.com.ar\/notas\/var\/www\/html\/notas\/wp-content\/uploads\/2009\/12\/encargado-de-edificio.jpg\" alt=\"encargado-de-edificio\" width=\"198\" height=\"186\" \/>Las expensas en los edificios de Capital Federal y del conurbano bonaerense aumentar\u00e1n un diez por ciento a ra\u00edz del incremento salarial que recibir\u00e1n los encargados. Las subas depender\u00e1n de la cantidad de departamentos que hay en el edificio ya que cuantos menos sean, mayor es la incidencia del salario del encargado sobre el presupuesto del consorcio y m\u00e1s fuerte ser\u00e1 la suba en las expensas.<\/em><\/div>\n<div style=\"text-align: justify;\">Las expensas en los edificios de Capital Federal y del conurbano bonaerense ser\u00e1n un diez por ciento m\u00e1s caras para pagar un aumento salarial del cuatro por ciento a los encargados.<\/p>\n<p>Las subas en los salarios de los encargados acordadas en el mes de mayo en paritarias entran en vigencia por lo que las expensas tendr\u00e1n un aumento promedio del 10 por ciento dependiendo del departamento y sus servicios,<\/p>\n<p>La suba y su impacto depender\u00e1n tambi\u00e9n con la cantidad de departamentos que hay en el edificio ya que cuantos menos sean, mayor es la incidencia del salario del encargado sobre el presupuesto del consorcio y m\u00e1s fuerte ser\u00e1 la suba en las expensas.<\/p>\n<p>Los encargados recibir\u00e1n un aumento en su b\u00e1sico, que variar\u00e1 seg\u00fan la categor\u00eda pero no superar\u00e1 el 4 por ciento pero lo que s\u00ed ser\u00e1 m\u00e1s fuerte ser\u00e1n los incrementos en los plus: por retiro de residuos, y por movimiento de coches.<\/p><\/div>\n","protected":false},"excerpt":{"rendered":"<p>Las expensas en los edificios de Capital Federal y del conurbano bonaerense aumentar\u00e1n un diez por ciento a ra\u00edz del incremento salarial que recibir\u00e1n los encargados. Las subas depender\u00e1n de la cantidad de departamentos que hay en el edificio ya que cuantos menos sean, mayor es la incidencia del salario del encargado sobre el presupuesto&hellip;<\/p>\n","protected":false},"author":1,"featured_media":0,"comment_status":"open","ping_status":"open","sticky":false,"template":"","format":"standard","meta":{"footnotes":""},"categories":[9],"tags":[357,1193,1192,1191],"class_list":["post-2287","post","type-post","status-publish","format-standard","hentry","category-economia","tag-aumento","tag-edificios","tag-encargados","tag-expensas"],"_links":{"self":[{"href":"https:\/\/www.elsindical.com.ar\/notas\/wp-json\/wp\/v2\/posts\/2287","targetHints":{"allow":["GET"]}}],"collection":[{"href":"https:\/\/www.elsindical.com.ar\/notas\/wp-json\/wp\/v2\/posts"}],"about":[{"href":"https:\/\/www.elsindical.com.ar\/notas\/wp-json\/wp\/v2\/types\/post"}],"author":[{"embeddable":true,"href":"https:\/\/www.elsindical.com.ar\/notas\/wp-json\/wp\/v2\/users\/1"}],"replies":[{"embeddable":true,"href":"https:\/\/www.elsindical.com.ar\/notas\/wp-json\/wp\/v2\/comments?post=2287"}],"version-history":[{"count":2,"href":"https:\/\/www.elsindical.com.ar\/notas\/wp-json\/wp\/v2\/posts\/2287\/revisions"}],"predecessor-version":[{"id":2290,"href":"https:\/\/www.elsindical.com.ar\/notas\/wp-json\/wp\/v2\/posts\/2287\/revisions\/2290"}],"wp:attachment":[{"href":"https:\/\/www.elsindical.com.ar\/notas\/wp-json\/wp\/v2\/media?parent=2287"}],"wp:term":[{"taxonomy":"category","embeddable":true,"href":"https:\/\/www.elsindical.com.ar\/notas\/wp-json\/wp\/v2\/categories?post=2287"},{"taxonomy":"post_tag","embeddable":true,"href":"https:\/\/www.elsindical.com.ar\/notas\/wp-json\/wp\/v2\/tags?post=2287"}],"curies":[{"name":"wp","href":"https:\/\/api.w.org\/{rel}","templated":true}]}}