{"id":22842,"date":"2012-04-09T20:53:43","date_gmt":"2012-04-09T23:53:43","guid":{"rendered":"http:\/\/www.elsindical.com.ar\/notas\/?p=22842"},"modified":"2012-04-09T20:53:43","modified_gmt":"2012-04-09T23:53:43","slug":"murio-hector-grondona","status":"publish","type":"post","link":"https:\/\/www.elsindical.com.ar\/notas\/murio-hector-grondona\/","title":{"rendered":"Muri\u00f3 H\u00e9ctor Grondona"},"content":{"rendered":"<p style=\"text-align: justify;\"><em><a href=\"http:\/\/www.elsindical.com.ar\/notas\/var\/www\/html\/notas\/wp-content\/uploads\/2012\/04\/H\u00e9ctor-Grondona.jpg\"><img loading=\"lazy\" decoding=\"async\" class=\"alignleft size-medium wp-image-22843\" title=\"H\u00e9ctor-Grondona\" src=\"http:\/\/www.elsindical.com.ar\/notas\/var\/www\/html\/notas\/wp-content\/uploads\/2012\/04\/H\u00e9ctor-Grondona-300x206.jpg\" alt=\"\" width=\"300\" height=\"206\" srcset=\"https:\/\/www.elsindical.com.ar\/notas\/var\/www\/html\/notas\/wp-content\/uploads\/2012\/04\/H\u00e9ctor-Grondona-300x206.jpg 300w, https:\/\/www.elsindical.com.ar\/notas\/var\/www\/html\/notas\/wp-content\/uploads\/2012\/04\/H\u00e9ctor-Grondona.jpg 413w\" sizes=\"auto, (max-width: 300px) 100vw, 300px\" \/><\/a>H\u00e9ctor Emilio Grondona, hermano del presidente de la AFA, <strong>falleci\u00f3 hoy a los 74 a\u00f1os de edad<\/strong>. El hermano menor de Julio Humberto Grondona fue presidente de Independiente entre 1997 y 1999, cuando sucedi\u00f3 a Jorge Bottaro y precedi\u00f3 a Pedro Iso.<\/em><\/p>\n<p style=\"text-align: justify;\">Asimismo, <strong>fue socio fundador, presidente, t\u00e9cnico y jugador de Arsenal<\/strong>.<\/p>\n<p style=\"text-align: justify;\">Entre 1965 y 1962 disput\u00f3 con la camiseta del conjunto de Sarand\u00ed <strong>349 partidos<\/strong>, cifra que lo convirti\u00f3 en el tercer jugador con m\u00e1s presencias en ese club, y marc\u00f3 168 tantos que aun lo elevan como <strong>el m\u00e1ximo goleador<\/strong> de la historia de la instituci\u00f3n.<\/p>\n<p style=\"text-align: justify;\"><strong>Fuente<\/strong>: DyN<\/p>\n","protected":false},"excerpt":{"rendered":"<p>H\u00e9ctor Emilio Grondona, hermano del presidente de la AFA, falleci\u00f3 hoy a los 74 a\u00f1os de edad. El hermano menor de Julio Humberto Grondona fue presidente de Independiente entre 1997 y 1999, cuando sucedi\u00f3 a Jorge Bottaro y precedi\u00f3 a Pedro Iso. Asimismo, fue socio fundador, presidente, t\u00e9cnico y jugador de Arsenal. Entre 1965 y&hellip;<\/p>\n","protected":false},"author":1,"featured_media":0,"comment_status":"open","ping_status":"open","sticky":false,"template":"","format":"standard","meta":{"footnotes":""},"categories":[7],"tags":[1961,4266,2470,9313,10926,10925],"class_list":["post-22842","post","type-post","status-publish","format-standard","hentry","category-deportes","tag-afa","tag-arsenal","tag-hermano","tag-julio-humberto-grondona","tag-socio-fundador","tag-tecnico"],"_links":{"self":[{"href":"https:\/\/www.elsindical.com.ar\/notas\/wp-json\/wp\/v2\/posts\/22842","targetHints":{"allow":["GET"]}}],"collection":[{"href":"https:\/\/www.elsindical.com.ar\/notas\/wp-json\/wp\/v2\/posts"}],"about":[{"href":"https:\/\/www.elsindical.com.ar\/notas\/wp-json\/wp\/v2\/types\/post"}],"author":[{"embeddable":true,"href":"https:\/\/www.elsindical.com.ar\/notas\/wp-json\/wp\/v2\/users\/1"}],"replies":[{"embeddable":true,"href":"https:\/\/www.elsindical.com.ar\/notas\/wp-json\/wp\/v2\/comments?post=22842"}],"version-history":[{"count":2,"href":"https:\/\/www.elsindical.com.ar\/notas\/wp-json\/wp\/v2\/posts\/22842\/revisions"}],"predecessor-version":[{"id":22845,"href":"https:\/\/www.elsindical.com.ar\/notas\/wp-json\/wp\/v2\/posts\/22842\/revisions\/22845"}],"wp:attachment":[{"href":"https:\/\/www.elsindical.com.ar\/notas\/wp-json\/wp\/v2\/media?parent=22842"}],"wp:term":[{"taxonomy":"category","embeddable":true,"href":"https:\/\/www.elsindical.com.ar\/notas\/wp-json\/wp\/v2\/categories?post=22842"},{"taxonomy":"post_tag","embeddable":true,"href":"https:\/\/www.elsindical.com.ar\/notas\/wp-json\/wp\/v2\/tags?post=22842"}],"curies":[{"name":"wp","href":"https:\/\/api.w.org\/{rel}","templated":true}]}}