{"id":2283,"date":"2009-12-12T10:16:18","date_gmt":"2009-12-12T13:16:18","guid":{"rendered":"http:\/\/www.elsindical.com.ar\/notas\/?p=2283"},"modified":"2009-12-12T10:16:18","modified_gmt":"2009-12-12T13:16:18","slug":"claudio-zin-scioli-no-me-hecho-me-voy-porque-estoy-harto-de-la-politica","status":"publish","type":"post","link":"https:\/\/www.elsindical.com.ar\/notas\/claudio-zin-scioli-no-me-hecho-me-voy-porque-estoy-harto-de-la-politica\/","title":{"rendered":"Claudio Zin, \u00abScioli no me hecho, me voy porque estoy harto de la pol\u00edtica\u00bb&#8230;"},"content":{"rendered":"<p style=\"text-align: justify;\"><em><img loading=\"lazy\" decoding=\"async\" class=\"alignleft size-full wp-image-2284\" title=\"Claudi-Zin-despacho\" src=\"http:\/\/www.elsindical.com.ar\/notas\/var\/www\/html\/notas\/wp-content\/uploads\/2009\/12\/Claudi-Zin-despacho.jpg\" alt=\"Claudi-Zin-despacho\" width=\"255\" height=\"224\" \/>A pesar de los dichos del saliente ministro de slud, que tuvo una gesti\u00f3n olvidable y de la que dimos cuenta en varias oportunidades desde este medio, lo concreto es que Daniel Scioli, que a esta altura no para de recibir malas noticias, decidi\u00f3 hechar a Zin, al conocer que est\u00e1 comprometido en la investigaci\u00f3n denominada \u00abmafia de los medicamentos\u00bb.<\/em><\/p>\n<p style=\"text-align: justify;\">En momentos en que la Justicia comenzaba a investigar a Claudio Zin en la causa por la mafia de los medicamentos, el gobernador Daniel Scioli lo ech\u00f3 del Ministerio de Salud.<\/p>\n<p style=\"text-align: justify;\">Zin se encontraba en Misiones en una jornada con el ministro de Salud de la Naci\u00f3n, Jos\u00e9 Manzur, completamente ajeno al cambio que se preparaba en La Plata.<\/p>\n<p>El desplazamiento fue en el marco de la renuncia de Jos\u00e9 Scioli a la Secretaria General de la Gobernaci\u00f3n y cuando Scioli busca oxigenar su Gabinete a dos a\u00f1os del inicio de su mandato. Sin embargo, una alta fuente del Gobierno dijo que el reemplazo de Zin \u00abtiene alg\u00fan v\u00ednculo\u00bb con las comprometedoras conversaciones telef\u00f3nicas entre el ex subsecretario de Control Sanitario, Alberto \u00abBeto\u00bb Costa y el due\u00f1o de la droguer\u00eda San Javier, N\u00e9stor Lorenzo, dos de los detenidos en la causa por la mafia de los medicamentos. .<\/p>\n<p>Yo lo voy a resolver\u00bb le contest\u00f3 Costa a Lorenzo, a fines del 2008 cuando le pregunt\u00f3 por el pago de un contrato de venta de medicamentos a la provincia que estaba retrasada desde el 2007. Era por la provisi\u00f3n de remedios contra el c\u00e1ncer y la hemofilia. Meses m\u00e1s tarde, se concret\u00f3 el pago \u00abautorizado por el ministro de Salud, Claudio Zin\u00bb, seg\u00fan una fuente judicial. A Zin se le cuestiona falta de control sobre Costa.<\/p>\n<p>En cambio, Zin dijo que de la auditor\u00eda que orden\u00f3 \u00abhasta ahora no surge ning\u00fan pago a San Javier\u00bb, aunque Lorenzo manejaba otras empresas a trav\u00e9s de testaferros.<\/p>\n<p>Aquella respuesta est\u00e1 registrada en las escuchas telef\u00f3nicas que hizo la SIDE por orden del juez federal Norberto Oyarbide en la causa de la mafia de los medicamentos y fue revelada\u00a0hoy por el diario\u00a0Clar\u00edn.<\/p>\n<p>Costa fue echado por Zin luego de que el juez Oyarbide informara a la prensa, el 7 de septiembre pasado, que hab\u00eda \u00abdi\u00e1logos muy complicados\u00bb entre Costa y Lorenzo, procesados, junto al titular de la Asociaci\u00f3n Bancaria, Juan Jos\u00e9 Zanola, como miembros de una supuesta asociaci\u00f3n il\u00edcita.<\/p>\n<p>En otra escucha, Costa le coment\u00f3 a Lorenzo que \u00abtengo presupuesto para comprar Tamifl\u00fa (contra la gripe A)\u00bb y m\u00e1s adelante habla del negocio que supondr\u00e1 la provisi\u00f3n de medicamentos al hospital de la Polic\u00eda bonaerense que proyecta el Gobierno provincial.<\/p>\n<p>En las grabaciones de la intercepci\u00f3n a unos 100 tel\u00e9fonos durante dos a\u00f1os tambi\u00e9n se escuchan pedidos a Lorenzo como:\u00bb\u00bfChe, y las OPIG para Costa?\u00bb. Se trata de las Ordenes de Pago Intransferibles Garantizadas (OPIG) que libraba la obra social bancaria se sospecha se usaban para pagar sobornos.<\/p>\n<p>En otras conversaciones, Lorenzo habla de sus contactos con \u00ablos metal\u00fargicos y los camioneros\u00bb. Por esta pista, el juez Oyarbide allan\u00f3 la semana pasada, dos veces, la droguer\u00eda Urbana que es la principal abastecedora de remedios para la obra social del sindicato que dirige Hugo Moyano.<\/p>\n<p>Y en otro tramo Lorenzo aparece discutiendo con el ex superintendente del Servicio de Salud, H\u00e9ctor Capaccioli, sobre las donaciones irregulares de droguer\u00edas a la campa\u00f1a presidencial de Cristina Kirchner del 2007. En un momento, Capaccioli se despide y dice: \u00abMe voy a hablar con el jefe de los ping\u00fcinos\u00bb.<\/p>\n<p style=\"text-align: justify;\">Fuente: Clar\u00edn, agencias.<\/p>\n","protected":false},"excerpt":{"rendered":"<p>A pesar de los dichos del saliente ministro de slud, que tuvo una gesti\u00f3n olvidable y de la que dimos cuenta en varias oportunidades desde este medio, lo concreto es que Daniel Scioli, que a esta altura no para de recibir malas noticias, decidi\u00f3 hechar a Zin, al conocer que est\u00e1 comprometido en la investigaci\u00f3n&hellip;<\/p>\n","protected":false},"author":1,"featured_media":0,"comment_status":"open","ping_status":"open","sticky":false,"template":"","format":"standard","meta":{"footnotes":""},"categories":[13],"tags":[1189,983,1190,431],"class_list":["post-2283","post","type-post","status-publish","format-standard","hentry","category-politica","tag-claudio-zin","tag-daniel-scioli","tag-mafia-medicamentos","tag-norberto-oyarbide"],"_links":{"self":[{"href":"https:\/\/www.elsindical.com.ar\/notas\/wp-json\/wp\/v2\/posts\/2283","targetHints":{"allow":["GET"]}}],"collection":[{"href":"https:\/\/www.elsindical.com.ar\/notas\/wp-json\/wp\/v2\/posts"}],"about":[{"href":"https:\/\/www.elsindical.com.ar\/notas\/wp-json\/wp\/v2\/types\/post"}],"author":[{"embeddable":true,"href":"https:\/\/www.elsindical.com.ar\/notas\/wp-json\/wp\/v2\/users\/1"}],"replies":[{"embeddable":true,"href":"https:\/\/www.elsindical.com.ar\/notas\/wp-json\/wp\/v2\/comments?post=2283"}],"version-history":[{"count":2,"href":"https:\/\/www.elsindical.com.ar\/notas\/wp-json\/wp\/v2\/posts\/2283\/revisions"}],"predecessor-version":[{"id":2286,"href":"https:\/\/www.elsindical.com.ar\/notas\/wp-json\/wp\/v2\/posts\/2283\/revisions\/2286"}],"wp:attachment":[{"href":"https:\/\/www.elsindical.com.ar\/notas\/wp-json\/wp\/v2\/media?parent=2283"}],"wp:term":[{"taxonomy":"category","embeddable":true,"href":"https:\/\/www.elsindical.com.ar\/notas\/wp-json\/wp\/v2\/categories?post=2283"},{"taxonomy":"post_tag","embeddable":true,"href":"https:\/\/www.elsindical.com.ar\/notas\/wp-json\/wp\/v2\/tags?post=2283"}],"curies":[{"name":"wp","href":"https:\/\/api.w.org\/{rel}","templated":true}]}}