{"id":2280,"date":"2009-12-12T10:06:38","date_gmt":"2009-12-12T13:06:38","guid":{"rendered":"http:\/\/www.elsindical.com.ar\/notas\/?p=2280"},"modified":"2009-12-12T10:06:38","modified_gmt":"2009-12-12T13:06:38","slug":"el-testigo-que-llamo-al-911-dice-que-vio-dos-veces-el-vehiculo-de-la-familia-pomar","status":"publish","type":"post","link":"https:\/\/www.elsindical.com.ar\/notas\/el-testigo-que-llamo-al-911-dice-que-vio-dos-veces-el-vehiculo-de-la-familia-pomar\/","title":{"rendered":"El testigo que llam\u00f3 al 911 dice que vio dos veces el veh\u00edculo de la familia Pomar"},"content":{"rendered":"<p><em><img loading=\"lazy\" decoding=\"async\" class=\"alignleft size-full wp-image-2281\" title=\"Auto-volcado-familia-Pomar\" src=\"http:\/\/www.elsindical.com.ar\/notas\/var\/www\/html\/notas\/wp-content\/uploads\/2009\/12\/Auto-volcado-familia-Pomar.jpg\" alt=\"Auto-volcado-familia-Pomar\" width=\"255\" height=\"185\" \/>Se trata de un alba\u00f1il que observ\u00f3 el veh\u00edculo volcado a un costado de la ruta 31 cuando viajaba en un \u00f3mnibus el 16 de noviembre. Ah\u00ed\u00a0fue cuando llam\u00f3 al tel\u00e9fono de emergencias. Y volvi\u00f3 a verlo el 30, aunque la segunda vez pens\u00f3 que ser\u00eda un auto abandonado<\/em><\/p>\n<div>\n<p id=\"cuerpoNota\" style=\"text-align: justify;\">Un alba\u00f1il asegur\u00f3 que vio el auto de los Pomar volcado al costado de la ruta 31 s\u00f3lo dos d\u00edas despu\u00e9s de la desaparici\u00f3n de la familia. El hombre se\u00f1al\u00f3 que reci\u00e9n report\u00f3 lo observado once d\u00edas m\u00e1s tarde porque al volver a su casa de Del Viso, partido de Pilar, despu\u00e9s de realizar un viaje a Rojas por motivos de trabajo, su esposa vincul\u00f3 ese hecho con la tragedia del matrimonio y las cuatro nenas.<\/p>\n<p><strong>\u201cLo que vi fue un auto volcado, con las ruedas para arriba. Bajo el z\u00f3calo pude ver que el auto era de color rojo. Lo vi cuando estaba sentado en la parte de arriba del micro que me llev\u00f3 hasta Rojas, donde fui por unos trabajos de alba\u00f1iler\u00eda<\/strong>\u201d, expres\u00f3 el hombre, llamado Casimiro Frutos, en declaraciones televisivas publicadas por <em>Diario Popular<\/em>.<\/p>\n<p>Cuando su esposa lo convenci\u00f3 que llamara, se comunic\u00f3 con la central de emergencias 911 y de acuerdo con su relato, le pidieron su nombre (brind\u00f3 su apellido), su direcci\u00f3n y el tel\u00e9fono, pero nunca lo llamaron.<\/p>\n<p><strong>\u201cLe expliqu\u00e9 todo lo que hab\u00eda visto en el monte de la ruta 31. Lo \u00fanico que le aclar\u00e9, porque ten\u00eda dudas, fue que no recordaba con exactitud si el auto volcado lo vi antes o despu\u00e9s de llegar a Salto. Pero le expliqu\u00e9 que era en un montecito, al costado de la ruta 31<\/strong>\u201d, explic\u00f3 Frutos.<\/p>\n<p>Al d\u00eda siguiente, el 30 de noviembre el hombre volvi\u00f3 a pasar por el lugar y nuevamene observ\u00f3 el auto.<strong> \u201cLa verdad, al principio pens\u00e9 cualquier cosa, que era un auto abandonado, como hay tantos en todos lados. Pero despu\u00e9s vimos el auto rojo y llam\u00e9. El 30 de noviembre volv\u00ed para Rojas, y me sent\u00e9 del mismo lado para confirmar lo que hab\u00eda visto, y cuando pas\u00e9 por Gahan el auto todav\u00eda estaba ah\u00ed\u201d, <\/strong>record\u00f3 el hombre, que ya fue citado por la Direcci\u00f3n de Asuntos Internos bonaerense, ante la cual prest\u00f3 declaraci\u00f3n.<\/p>\n<\/div>\n","protected":false},"excerpt":{"rendered":"<p>Se trata de un alba\u00f1il que observ\u00f3 el veh\u00edculo volcado a un costado de la ruta 31 cuando viajaba en un \u00f3mnibus el 16 de noviembre. Ah\u00ed\u00a0fue cuando llam\u00f3 al tel\u00e9fono de emergencias. Y volvi\u00f3 a verlo el 30, aunque la segunda vez pens\u00f3 que ser\u00eda un auto abandonado Un alba\u00f1il asegur\u00f3 que vio el&hellip;<\/p>\n","protected":false},"author":1,"featured_media":0,"comment_status":"open","ping_status":"open","sticky":false,"template":"","format":"standard","meta":{"footnotes":""},"categories":[22],"tags":[982,983,147,30,1004,1188],"class_list":["post-2280","post","type-post","status-publish","format-standard","hentry","category-policiales","tag-carlos-stornelli","tag-daniel-scioli","tag-familia","tag-policia","tag-pomar","tag-testigo"],"_links":{"self":[{"href":"https:\/\/www.elsindical.com.ar\/notas\/wp-json\/wp\/v2\/posts\/2280","targetHints":{"allow":["GET"]}}],"collection":[{"href":"https:\/\/www.elsindical.com.ar\/notas\/wp-json\/wp\/v2\/posts"}],"about":[{"href":"https:\/\/www.elsindical.com.ar\/notas\/wp-json\/wp\/v2\/types\/post"}],"author":[{"embeddable":true,"href":"https:\/\/www.elsindical.com.ar\/notas\/wp-json\/wp\/v2\/users\/1"}],"replies":[{"embeddable":true,"href":"https:\/\/www.elsindical.com.ar\/notas\/wp-json\/wp\/v2\/comments?post=2280"}],"version-history":[{"count":1,"href":"https:\/\/www.elsindical.com.ar\/notas\/wp-json\/wp\/v2\/posts\/2280\/revisions"}],"predecessor-version":[{"id":2282,"href":"https:\/\/www.elsindical.com.ar\/notas\/wp-json\/wp\/v2\/posts\/2280\/revisions\/2282"}],"wp:attachment":[{"href":"https:\/\/www.elsindical.com.ar\/notas\/wp-json\/wp\/v2\/media?parent=2280"}],"wp:term":[{"taxonomy":"category","embeddable":true,"href":"https:\/\/www.elsindical.com.ar\/notas\/wp-json\/wp\/v2\/categories?post=2280"},{"taxonomy":"post_tag","embeddable":true,"href":"https:\/\/www.elsindical.com.ar\/notas\/wp-json\/wp\/v2\/tags?post=2280"}],"curies":[{"name":"wp","href":"https:\/\/api.w.org\/{rel}","templated":true}]}}