{"id":22773,"date":"2012-04-06T00:40:22","date_gmt":"2012-04-06T03:40:22","guid":{"rendered":"http:\/\/www.elsindical.com.ar\/notas\/?p=22773"},"modified":"2012-04-06T00:40:22","modified_gmt":"2012-04-06T03:40:22","slug":"los-adolescentes-actuales-toman-dos-o-tres-veces-mas-alcohol","status":"publish","type":"post","link":"https:\/\/www.elsindical.com.ar\/notas\/los-adolescentes-actuales-toman-dos-o-tres-veces-mas-alcohol\/","title":{"rendered":"Los adolescentes actuales toman dos o tres veces m\u00e1s alcohol"},"content":{"rendered":"<p style=\"text-align: justify;\"><em><a href=\"http:\/\/www.elsindical.com.ar\/notas\/var\/www\/html\/notas\/wp-content\/uploads\/2012\/04\/conductor-borracho.jpg\"><img loading=\"lazy\" decoding=\"async\" class=\"alignleft size-medium wp-image-22774\" title=\"conductor-borracho\" src=\"http:\/\/www.elsindical.com.ar\/notas\/var\/www\/html\/notas\/wp-content\/uploads\/2012\/04\/conductor-borracho-300x225.jpg\" alt=\"\" width=\"300\" height=\"225\" srcset=\"https:\/\/www.elsindical.com.ar\/notas\/var\/www\/html\/notas\/wp-content\/uploads\/2012\/04\/conductor-borracho-300x225.jpg 300w, https:\/\/www.elsindical.com.ar\/notas\/var\/www\/html\/notas\/wp-content\/uploads\/2012\/04\/conductor-borracho.jpg 413w\" sizes=\"auto, (max-width: 300px) 100vw, 300px\" \/><\/a>Un estudio m\u00e9dico sobre las consecuencias del alcohol en los adolescentes determin\u00f3 que <strong>hoy los j\u00f3venes toman m\u00e1s alcohol que las generaciones anteriores<\/strong> y que 30% de ellos tienen accidentes automovil\u00edsticos o dom\u00e9sticos a causa de ello.<\/em><\/p>\n<p style=\"text-align: justify;\">El relevamiento midi\u00f3 el efecto que tiene en los menores los excesos en el consumo, fundamentalmente en las llamadas previas o \u201cpreboliches\u201d que se organizan antes de asistir a los boliches bailables.<\/p>\n<p style=\"text-align: justify;\">Entre las conclusiones del estudio que realizaron caracterizados neur\u00f3logos se mencionaron: la <strong>gran preocupaci\u00f3n por el desarrollo intelectual futuro de los j\u00f3venes que se exceden en el consumo de alcohol<\/strong>, los altos \u00edndices de accidentes relacionados con dicho consumo y la p\u00e9rdida de capacidades cognitivas y espec\u00edficamente de la memoria en los j\u00f3venes que toman bebidas alcoh\u00f3licas de manera continua y excesiva.<\/p>\n<p style=\"text-align: justify;\">El estudio, que fue presentado en el Club Regatas de San Miguel ante m\u00e1s de mil personas entre j\u00f3venes y adultos integrantes de instituciones educativas, organizaciones civiles y autoridades, fue realizado por el Jefe de Neurociencia del Fleni, Marcelo Merello y por el Jefe de Neurolog\u00eda Cognitiva del Fleni, Ricardo Allegri.<\/p>\n<p style=\"text-align: justify;\">Merello destac\u00f3 que \u201choy los m\u00e1s j\u00f3venes consumen 2 o 3 veces m\u00e1s alcohol que las generaciones anteriores. Esto es muy grave, y <strong>el alcohol, en su consumo sostenido y cr\u00f3nico produce enfermedad cerebral que afecta fundamentalmente a la memoria<\/strong>, al desarrollo intelectual y por ende a la oportunidad futura de estos j\u00f3venes en el mercado laboral\u201d.<\/p>\n<p style=\"text-align: justify;\">El profesional se\u00f1al\u00f3 que \u201cadem\u00e1s de ello, hemos podido comprobar que 30% de las personas que toman alcohol sufren accidentes sea de autom\u00f3vil o dom\u00e9sticos, que generan enfermedades neurol\u00f3gicas agudas que son terriblemente graves y preocupantes, desde traumatismos varios hasta la p\u00e9rdida de la vida\u201d.<\/p>\n<p style=\"text-align: justify;\">Por su parte, el intendente de San Miguel, Joaqu\u00edn De La Torre destac\u00f3 que el encuentro signific\u00f3 \u201cun paso m\u00e1s que sirve para seguir despertando la conciencia de los padres de hijos adolescentes y de todos los sectores de la sociedad\u201d.<\/p>\n<p style=\"text-align: justify;\">El jefe municipal agreg\u00f3 que \u201cnosotros nos ocupamos hace tiempo de los boliches, pero <strong>hoy tambi\u00e9n es importante ocuparse de la etapa previa, donde en general los adolescentes consumen antes de salir a bailar<\/strong>. Aqu\u00ed, nos juntamos el sector p\u00fablico, padres, directores de escuelas y de distintas instituciones, para trabajar en soluciones conjuntas\u201d, explic\u00f3.<\/p>\n<p style=\"text-align: justify;\">Fuente: DyN<\/p>\n","protected":false},"excerpt":{"rendered":"<p>Un estudio m\u00e9dico sobre las consecuencias del alcohol en los adolescentes determin\u00f3 que hoy los j\u00f3venes toman m\u00e1s alcohol que las generaciones anteriores y que 30% de ellos tienen accidentes automovil\u00edsticos o dom\u00e9sticos a causa de ello. El relevamiento midi\u00f3 el efecto que tiene en los menores los excesos en el consumo, fundamentalmente en las&hellip;<\/p>\n","protected":false},"author":1,"featured_media":0,"comment_status":"open","ping_status":"open","sticky":false,"template":"","format":"standard","meta":{"footnotes":""},"categories":[25],"tags":[108,10890,1706,7621,378,252,2507],"class_list":["post-22773","post","type-post","status-publish","format-standard","hentry","category-sociedad","tag-alcohol","tag-boliches-bailables","tag-consumo","tag-generaciones","tag-jovenes","tag-menores","tag-previa"],"_links":{"self":[{"href":"https:\/\/www.elsindical.com.ar\/notas\/wp-json\/wp\/v2\/posts\/22773","targetHints":{"allow":["GET"]}}],"collection":[{"href":"https:\/\/www.elsindical.com.ar\/notas\/wp-json\/wp\/v2\/posts"}],"about":[{"href":"https:\/\/www.elsindical.com.ar\/notas\/wp-json\/wp\/v2\/types\/post"}],"author":[{"embeddable":true,"href":"https:\/\/www.elsindical.com.ar\/notas\/wp-json\/wp\/v2\/users\/1"}],"replies":[{"embeddable":true,"href":"https:\/\/www.elsindical.com.ar\/notas\/wp-json\/wp\/v2\/comments?post=22773"}],"version-history":[{"count":2,"href":"https:\/\/www.elsindical.com.ar\/notas\/wp-json\/wp\/v2\/posts\/22773\/revisions"}],"predecessor-version":[{"id":22776,"href":"https:\/\/www.elsindical.com.ar\/notas\/wp-json\/wp\/v2\/posts\/22773\/revisions\/22776"}],"wp:attachment":[{"href":"https:\/\/www.elsindical.com.ar\/notas\/wp-json\/wp\/v2\/media?parent=22773"}],"wp:term":[{"taxonomy":"category","embeddable":true,"href":"https:\/\/www.elsindical.com.ar\/notas\/wp-json\/wp\/v2\/categories?post=22773"},{"taxonomy":"post_tag","embeddable":true,"href":"https:\/\/www.elsindical.com.ar\/notas\/wp-json\/wp\/v2\/tags?post=22773"}],"curies":[{"name":"wp","href":"https:\/\/api.w.org\/{rel}","templated":true}]}}