{"id":2275,"date":"2009-12-11T00:53:18","date_gmt":"2009-12-11T03:53:18","guid":{"rendered":"http:\/\/www.elsindical.com.ar\/notas\/?p=2275"},"modified":"2009-12-11T00:53:18","modified_gmt":"2009-12-11T03:53:18","slug":"confirman-que-existio-un-llamado-al-911-que-no-fue-tenido-en-cuenta","status":"publish","type":"post","link":"https:\/\/www.elsindical.com.ar\/notas\/confirman-que-existio-un-llamado-al-911-que-no-fue-tenido-en-cuenta\/","title":{"rendered":"Confirman que existi\u00f3 un llamado al 911 que no fue tenido en cuenta"},"content":{"rendered":"<h2 id=\"txt_100792_3\" style=\"text-align: justify; margin-top: 0px; margin-bottom: 0px; font-size: 11px;\">Jos\u00e9 Guerrero, auditor general de Asuntos Internos del Ministerio de Seguridad bonaerense, dijo que se descubri\u00f3 que 13 d\u00edas despu\u00e9s de la desaparici\u00f3n de los Pomar <strong>hubo un llamado al 911 que alert\u00f3 sobre un accidente vial en la zona donde volc\u00f3 el auto de la familia.<\/strong><\/h2>\n<p style=\"text-align: justify; margin-top: 0px; margin-bottom: 0px; font-size: 11px;\">\u00a0<\/p>\n<p style=\"text-align: justify; margin-top: 0px; margin-bottom: 0px; font-size: 11px;\">El funcionario dijo a T\u00e9lam que como consecuencia del tratamiento policial que se le dio a ese llamado, fue desafectado de sus funciones un comisario de la Delegaci\u00f3n Departamental de Investigaciones (DDI) Pergamino.<\/p>\n<p>\u00abLo \u00fanico que le puedo decir por el momento es que existe un llamado cuyo tratamiento est\u00e1 siendo investigado y en esta investigaci\u00f3n se decret\u00f3 la desafectaci\u00f3n de un comisario jefe de turno de la DDI de Pergamino\u00bb, dijo Guerrero.<\/p>\n<p>Seg\u00fan una fuente con acceso a la investigaci\u00f3n, el 27 de noviembre \u00faltimo por la noche un hombre llam\u00f3 al servicio de emergencias 911 para decir que mientras viajaba en el primer piso de un micro de la empresa Estrella C\u00f3ndor por la ruta 31 vio \u00abun auto rojo volcado con las ruedas hacia arriba en una curva\u00bb.<\/p>\n<p>Como ya hab\u00edan transcurrido 13 d\u00edas de la desaparici\u00f3n de los Pomar y no los hab\u00edan hallado, el viajante relacion\u00f3 ese auto con el hecho y dio otros detalles como que se encontraba \u00absobre la derecha, en la mano que va a Rojas\u00bb.<\/p>\n<p>De acuerdo con el vocero, la informaci\u00f3n de ese llamado fue derivada a la DDI de Pergamino, pero por ahora se desconoce si efectivos policiales se dirigieron hacia all\u00ed a rastrillar el lugar.<\/p>\n<p>Consultado al respecto, el ministro de Seguridad, Carlos Stornelli, afirm\u00f3 esta noche que esto \u00abagrega prueba sobre la inoperancia del personal policial que trabaj\u00f3 en el tema, que le estaban ordenadas las tareas, con lo cual se agrava su situaci\u00f3n\u00bb.<\/p>\n<p>\u00abLa orden fue muy espec\u00edfica de revisar ambos lados de la ruta treinta y uno\u00bb, indic\u00f3 el funcionario.<\/p>\n<p>\u00abNo cambia la suerte de la desgracia de la familia, pero s\u00ed por supuesto hubiera permitido tener la verdad de los acontecimientos trece d\u00edas antes de lo que ocurri\u00f3\u00bb, remarc\u00f3 Stornelli.<\/p>\n<p>Agreg\u00f3 que \u00abtodo el que haya pasado por la recepci\u00f3n, lectura y ejecuci\u00f3n y no se lo haya comunicado debidamente a la fiscal y no haya procedido como ten\u00eda que proceder, va a ser desafectado\u00bb.<\/p>\n<p>\u00abTodos van a enfrentar las responsabilidades administrativas y o penales que les competan\u00bb, asegur\u00f3 Stornelli.<\/p>\n","protected":false},"excerpt":{"rendered":"<p>Jos\u00e9 Guerrero, auditor general de Asuntos Internos del Ministerio de Seguridad bonaerense, dijo que se descubri\u00f3 que 13 d\u00edas despu\u00e9s de la desaparici\u00f3n de los Pomar hubo un llamado al 911 que alert\u00f3 sobre un accidente vial en la zona donde volc\u00f3 el auto de la familia. \u00a0 El funcionario dijo a T\u00e9lam que como&hellip;<\/p>\n","protected":false},"author":1,"featured_media":0,"comment_status":"open","ping_status":"open","sticky":false,"template":"","format":"standard","meta":{"footnotes":""},"categories":[22],"tags":[614,990,982,147,1187,1004],"class_list":["post-2275","post","type-post","status-publish","format-standard","hentry","category-policiales","tag-614","tag-accidente","tag-carlos-stornelli","tag-familia","tag-llamado","tag-pomar"],"_links":{"self":[{"href":"https:\/\/www.elsindical.com.ar\/notas\/wp-json\/wp\/v2\/posts\/2275","targetHints":{"allow":["GET"]}}],"collection":[{"href":"https:\/\/www.elsindical.com.ar\/notas\/wp-json\/wp\/v2\/posts"}],"about":[{"href":"https:\/\/www.elsindical.com.ar\/notas\/wp-json\/wp\/v2\/types\/post"}],"author":[{"embeddable":true,"href":"https:\/\/www.elsindical.com.ar\/notas\/wp-json\/wp\/v2\/users\/1"}],"replies":[{"embeddable":true,"href":"https:\/\/www.elsindical.com.ar\/notas\/wp-json\/wp\/v2\/comments?post=2275"}],"version-history":[{"count":2,"href":"https:\/\/www.elsindical.com.ar\/notas\/wp-json\/wp\/v2\/posts\/2275\/revisions"}],"predecessor-version":[{"id":2277,"href":"https:\/\/www.elsindical.com.ar\/notas\/wp-json\/wp\/v2\/posts\/2275\/revisions\/2277"}],"wp:attachment":[{"href":"https:\/\/www.elsindical.com.ar\/notas\/wp-json\/wp\/v2\/media?parent=2275"}],"wp:term":[{"taxonomy":"category","embeddable":true,"href":"https:\/\/www.elsindical.com.ar\/notas\/wp-json\/wp\/v2\/categories?post=2275"},{"taxonomy":"post_tag","embeddable":true,"href":"https:\/\/www.elsindical.com.ar\/notas\/wp-json\/wp\/v2\/tags?post=2275"}],"curies":[{"name":"wp","href":"https:\/\/api.w.org\/{rel}","templated":true}]}}