{"id":22735,"date":"2012-04-04T17:59:26","date_gmt":"2012-04-04T20:59:26","guid":{"rendered":"http:\/\/www.elsindical.com.ar\/notas\/?p=22735"},"modified":"2012-04-04T17:59:26","modified_gmt":"2012-04-04T20:59:26","slug":"asesinan-a-tres-reclusos-en-penales-bonaerenses","status":"publish","type":"post","link":"https:\/\/www.elsindical.com.ar\/notas\/asesinan-a-tres-reclusos-en-penales-bonaerenses\/","title":{"rendered":"Asesinan a tres reclusos en penales bonaerenses"},"content":{"rendered":"<p style=\"text-align: justify;\"><em><a href=\"http:\/\/www.elsindical.com.ar\/notas\/var\/www\/html\/notas\/wp-content\/uploads\/2012\/04\/Unidad-1-de-Olmos.jpg\"><img loading=\"lazy\" decoding=\"async\" class=\"alignleft size-medium wp-image-22736\" title=\"Unidad-1-de-Olmos\" src=\"http:\/\/www.elsindical.com.ar\/notas\/var\/www\/html\/notas\/wp-content\/uploads\/2012\/04\/Unidad-1-de-Olmos-300x201.jpg\" alt=\"\" width=\"300\" height=\"201\" srcset=\"https:\/\/www.elsindical.com.ar\/notas\/var\/www\/html\/notas\/wp-content\/uploads\/2012\/04\/Unidad-1-de-Olmos-300x201.jpg 300w, https:\/\/www.elsindical.com.ar\/notas\/var\/www\/html\/notas\/wp-content\/uploads\/2012\/04\/Unidad-1-de-Olmos.jpg 413w\" sizes=\"auto, (max-width: 300px) 100vw, 300px\" \/><\/a>Luego de la visita que el vicegobernador bonaerense Gabriel Mariotto hizo el jueves pasado a la Unidad 47 de San Mart\u00edn, que junto a las unidades 46 y 48 conforman el complejo penitenciario de Jos\u00e9 Le\u00f3n Su\u00e1rez, asentado a un costado del basurero a cielo abierto conocido como el CEAMSE, la violencia intramuros no se detuvo sino que se cobr\u00f3 otras tres vidas en s\u00f3lo 72 horas.<\/em><\/p>\n<p style=\"text-align: justify;\">En di\u00e1logo con Tiempo Argentino, Mariotto se\u00f1al\u00f3 que la visita a la c\u00e1rcel del norte del Conurbano le caus\u00f3 una profunda conmoci\u00f3n. \u201cNo intento complicarle la vida a Daniel (Scioli), esta es una cuesti\u00f3n humanitaria. En las condiciones en que encontr\u00e9 al penal, puedo decir que la fuente de la delincuencia, es el nido que la contiene. Estamos violando la Constituci\u00f3n Nacional y la bonaerense. El cambio debe ser profundo, de matriz filos\u00f3fica\u201d, dijo Mariotto que adem\u00e1s confes\u00f3 que \u201cno soy la misma persona despu\u00e9s de visitar esa c\u00e1rcel\u201d.<\/p>\n<p style=\"text-align: justify;\">Nada cambi\u00f3 luego de esa recorrida. La misma tarde en la que el funcionario recibi\u00f3 tres facas de un grupo de presos, que adem\u00e1s le confesaron haber sido contactados por dos jefes del penal para matar a un interno que hab\u00eda denunciado los atropellos de los penitenciarios, un hombre muri\u00f3 apu\u00f1alado al quedar en medio de una pelea entre bandos enemigos. Sucedi\u00f3 en el pabell\u00f3n 9 de la Unidad 48 y la v\u00edctima fue un estudiante de apellido Romano Ver\u00f3n, que recibi\u00f3 dos puntazos en el pecho. Sin embargo, la historia no termina all\u00ed. Un d\u00eda m\u00e1s tarde, uno de los presos implicados en el asunto fue trasladado a la Unidad 45 de Melchor Romero. Parad\u00f3jicamente, Jos\u00e9 Burela Sombra, que contaba con alojamiento transitorio en esa unidad, bajo una estrictas medidas de seguridad, fue enviado al pabell\u00f3n 5, a una celda cerrada en la que lo esperaban otros cuatro hombres. A las 19:30, Burela Sombra fue asesinado a facazos. Cuando se enter\u00f3 de la muerte, el Fiscal de La Plata \u00c1lvaro Garganta envi\u00f3 a un ayudante a la escena del crimen.<\/p>\n<p style=\"text-align: justify;\">\u201cLos jefes del penal la contaron cambiada desde el principio, quer\u00edan hacer cargo a un boludo y que los otros tres lo se\u00f1alaran\u201d, advirti\u00f3 un vocero de la investigaci\u00f3n. Esta versi\u00f3n fue confirmada desde la fiscal\u00eda a cargo de Garganta. Seg\u00fan las fuentes, los penitenciarios presentaron tres testigos,\u00a0 pero el auxiliar del fiscal not\u00f3 que uno de los declarantes estaba cortado en uno de los brazos. Entonces, el prosecretario llam\u00f3 a Garganta y el fiscal orden\u00f3 que les tomara una nueva declaraci\u00f3n, esta vez como imputados.<\/p>\n<p style=\"text-align: justify;\">En ese momento, dos guardias que hab\u00edan presenciado el crimen se quebraron y revelaron c\u00f3mo hab\u00edan sucedido los hechos. Como si esto fuera poco, un d\u00eda m\u00e1s tarde, en el pabell\u00f3n 10 de la Unidad 1 de Olmos muri\u00f3 Rodolfo Daniel Mart\u00ednez, de 31 a\u00f1os, tambi\u00e9n apu\u00f1alado en el pecho en medio de una gresca generalizada ante la pasiva mirada de los guardias A la desidia que mostr\u00f3 el SPB, se le suma el intento de suicidio de J.P, agente de la Unidad 48, que hace 14 d\u00edas entr\u00f3 con un cuchillo a la oficina de sus jefes y se cort\u00f3 los brazos en reclamo de las horas extras impagas. Cuando el oficial intent\u00f3 degollarse fue reducido por sus compa\u00f1eros. \u201cTrabaj\u00f3 120 horas pero s\u00f3lo le pagaron 40\u201d, denunci\u00f3 un familiar.<\/p>\n","protected":false},"excerpt":{"rendered":"<p>Luego de la visita que el vicegobernador bonaerense Gabriel Mariotto hizo el jueves pasado a la Unidad 47 de San Mart\u00edn, que junto a las unidades 46 y 48 conforman el complejo penitenciario de Jos\u00e9 Le\u00f3n Su\u00e1rez, asentado a un costado del basurero a cielo abierto conocido como el CEAMSE, la violencia intramuros no se&hellip;<\/p>\n","protected":false},"author":1,"featured_media":0,"comment_status":"open","ping_status":"open","sticky":false,"template":"","format":"standard","meta":{"footnotes":""},"categories":[19],"tags":[380,3099,9182,4779,4398,8804,820,10875,10874,10876],"class_list":["post-22735","post","type-post","status-publish","format-standard","hentry","category-intramuros","tag-carcel","tag-ceamse","tag-fiscal-alvaro-garganta","tag-gabriel-mariotto","tag-jose-leon-suarez","tag-melchor-romero","tag-san-martin","tag-unidad-46","tag-unidad-47","tag-unidad-48"],"_links":{"self":[{"href":"https:\/\/www.elsindical.com.ar\/notas\/wp-json\/wp\/v2\/posts\/22735","targetHints":{"allow":["GET"]}}],"collection":[{"href":"https:\/\/www.elsindical.com.ar\/notas\/wp-json\/wp\/v2\/posts"}],"about":[{"href":"https:\/\/www.elsindical.com.ar\/notas\/wp-json\/wp\/v2\/types\/post"}],"author":[{"embeddable":true,"href":"https:\/\/www.elsindical.com.ar\/notas\/wp-json\/wp\/v2\/users\/1"}],"replies":[{"embeddable":true,"href":"https:\/\/www.elsindical.com.ar\/notas\/wp-json\/wp\/v2\/comments?post=22735"}],"version-history":[{"count":1,"href":"https:\/\/www.elsindical.com.ar\/notas\/wp-json\/wp\/v2\/posts\/22735\/revisions"}],"predecessor-version":[{"id":22737,"href":"https:\/\/www.elsindical.com.ar\/notas\/wp-json\/wp\/v2\/posts\/22735\/revisions\/22737"}],"wp:attachment":[{"href":"https:\/\/www.elsindical.com.ar\/notas\/wp-json\/wp\/v2\/media?parent=22735"}],"wp:term":[{"taxonomy":"category","embeddable":true,"href":"https:\/\/www.elsindical.com.ar\/notas\/wp-json\/wp\/v2\/categories?post=22735"},{"taxonomy":"post_tag","embeddable":true,"href":"https:\/\/www.elsindical.com.ar\/notas\/wp-json\/wp\/v2\/tags?post=22735"}],"curies":[{"name":"wp","href":"https:\/\/api.w.org\/{rel}","templated":true}]}}