{"id":2273,"date":"2009-12-11T00:24:56","date_gmt":"2009-12-11T03:24:56","guid":{"rendered":"http:\/\/www.elsindical.com.ar\/notas\/?p=2273"},"modified":"2009-12-11T00:24:56","modified_gmt":"2009-12-11T03:24:56","slug":"efemerides-del-dia-11-de-diciembre","status":"publish","type":"post","link":"https:\/\/www.elsindical.com.ar\/notas\/efemerides-del-dia-11-de-diciembre\/","title":{"rendered":"EFEM\u00c9RIDES: DEL D\u00cdA 11 DE DICIEMBRE"},"content":{"rendered":"<p style=\"text-align: justify;\">En otro once de diciembre, pero de 1843, nace Robert Koch, m\u00e9dico famoso por descubrir el bacilo de la tuberculosis (Bacilo de Koch) en 1882, as\u00ed como el bacilo del c\u00f3lera.<\/p>\n<p>1576- Recae sentencia absolutoria en la causa seguida por la Inquisici\u00f3n contra Fray Luis de Le\u00f3n, tras casi cinco a\u00f1os de encarcelamiento.<\/p>\n<p style=\"text-align: justify;\">1738- Descubrimiento de la ciudad de Herculano, enterrada bajo la lava del Vesubio.<\/p>\n<p style=\"text-align: justify;\">1813- Napole\u00f3n restituye a Fernando VII la Corona de Espa\u00f1a.<\/p>\n<p style=\"text-align: justify;\">1844- Rafael Carrera comienza su mandato presidencial en Guatemala.<\/p>\n<p style=\"text-align: justify;\">1868- Batalla de Abahy, entre fuerzas brasile\u00f1as y paraguayas, que fue ganada por estas \u00faltimas.<\/p>\n<p style=\"text-align: justify;\">1879- La Asamblea Constituyente de Guatemala proclama una nueva Constituci\u00f3n, de car\u00e1cter liberal.<\/p>\n<p style=\"text-align: justify;\">1884- Nace Carlos Gardel, cantante uruguayo.<\/p>\n<p style=\"text-align: justify;\">1903- En el teatro Apolo de Madrid se estrena la zarzuela del maestro Serrano \u00abLa reina mora\u00bb, su primer gran \u00e9xito.<\/p>\n<p style=\"text-align: justify;\">1904- El Papa P\u00edo X suprime el derecho de veto y amenaza con penas can\u00f3nicas a los cardenales, representantes de sus gobiernos, que utilicen el derecho de exclusi\u00f3n de un candidato durante su pr\u00f3ximo c\u00f3nclave.<\/p>\n<p style=\"text-align: justify;\">1911- Nace Naguib Mahfuz, escritor egipcio.<\/p>\n<p style=\"text-align: justify;\">1913- Nace Carlo Ponti, productor cinematogr\u00e1fico italiano.<\/p>\n<p style=\"text-align: justify;\">1917- El Parlamento Regional de Lituania declara la independencia del pa\u00eds respecto de Rusia.<\/p>\n<p style=\"text-align: justify;\">1918- Nace Alexander Solzhenitsin, escritor ruso, Premio Nobel 1970.<\/p>\n<p style=\"text-align: justify;\">1919- La Dieta de Tirol vota por unanimidad la integraci\u00f3n econ\u00f3mica con Alemania.<\/p>\n<p style=\"text-align: justify;\">1928- Nace Tom\u00e1s Gutierrez Alea, cineasta cubano.<\/p>\n<p style=\"text-align: justify;\">1929- Muere Efr\u00e9n Rebolledo, poeta mexicano.<\/p>\n<p style=\"text-align: justify;\">1930- Nace Jean Louis Trintignant, actor franc\u00e9s.<\/p>\n<p style=\"text-align: justify;\">1940- Segunda Guerra Mundial. Hitler aprueba el Plan Marita de invasi\u00f3n de Grecia.<\/p>\n<p style=\"text-align: justify;\">1941- Alemania e Italia declaran la guerra a Estados Unidos, cuatro d\u00edas despu\u00e9s del ataque japon\u00e9s a Pearl Harbour.<\/p>\n<p style=\"text-align: justify;\">1943- Nace John Forbes Kerry, senador por Massachussetts y candidato del Partido Dem\u00f3crata a las Elecciones Presidenciales de Estados Unidos de 2004.<\/p>\n<p style=\"text-align: justify;\">1945- Ley fundacional del Instituto de Cultura Hisp\u00e1nica, actualmente denominado Instituto de Cooperaci\u00f3n Iberoamericana.<\/p>\n<p style=\"text-align: justify;\">&#8211; Juan Domingo Per\u00f3n anuncia oficialmente su candidatura a la Presidencia de Argentina.<\/p>\n<p style=\"text-align: justify;\">1947- Nace Andr\u00e9s R\u00e1bago, \u00abOps\u00bb, \u00abJon\u00e1s\u00bb y \u00abEl Roto\u00bb, humorista y dibujante espa\u00f1ol.<\/p>\n<p style=\"text-align: justify;\">1959- Muere Felipe Sassone, escritor peruano.<\/p>\n<p style=\"text-align: justify;\">1981- El general argentino Leopoldo Fortunato Galtieri sustituye como presidente de la naci\u00f3n al general Roberto Viola.<\/p>\n<p style=\"text-align: justify;\">1983- Proyecto de ley hondure\u00f1o de Servicio Obligatorio Militar para hombres con edades comprendidas entre los 18 y 30 a\u00f1os.<\/p>\n<p style=\"text-align: justify;\">1987- El papa Juan Pablo II aprueba la beatificaci\u00f3n de Fray Jun\u00edpero Serra, art\u00edfice de la evangelizaci\u00f3n de California en el siglo XVIII.<\/p>\n<p style=\"text-align: justify;\">1988- La explosi\u00f3n de una bombona de gas causa un gran incendio en el mercado de la Merced de Ciudad de M\u00e9xico, en el que murieron 62 personas y otras 87 resultaron heridas.<\/p>\n<p style=\"text-align: justify;\">&#8211; Setenta y nueve personas (70 soldados y 9 tripulantes) mueren al estrellarse un avi\u00f3n Ilyushin-76, que se dirig\u00eda a las tareas de rescate de la ciudad de Leninakan (Armenia), destruida en un 75% por un terremoto.<\/p>\n<p style=\"text-align: justify;\">1991- Los jefes de Estado o de Gobierno de la CE alcanzan en Maastricht (Holanda) un hist\u00f3rico acuerdo sobre el Tratado de Uni\u00f3n Europea, que prev\u00e9 la uni\u00f3n econ\u00f3mica y monetaria, la cohesi\u00f3n social y una pol\u00edtica exterior y de defensa comunes, con excepciones para Gran Breta\u00f1a.<\/p>\n<p style=\"text-align: justify;\">1993- La Unesco declara la Ruta Jacobea espa\u00f1ola Patrimonio de la Humanidad.<\/p>\n<p style=\"text-align: justify;\">&#8211; Con el democristiano Eduardo Frei Tagle como candidato, la gobernante Concertaci\u00f3n de Partidos por la Democracia gana (58%) las elecciones presidenciales chilenas y las legislativas, sin lograr la mayor\u00eda absoluta.<\/p>\n<p style=\"text-align: justify;\">1994- Clausura de la Cumbre de las Am\u00e9ricas en Miami, con una declaraci\u00f3n de principios y un plan de acci\u00f3n para luchar contra la corrupci\u00f3n, erradicar la pobreza y preservar el medio ambiente.<\/p>\n<p style=\"text-align: justify;\">&#8211; Muere Yao Yilin, hist\u00f3rico dirigente del Partido Comunista chino.<\/p>\n<p style=\"text-align: justify;\">1995- El Ej\u00e9rcito israel\u00ed abandona Naplusa, principal ciudad palestina de Cisjordania, ocupada durante 28 a\u00f1os.<\/p>\n<p style=\"text-align: justify;\">2004- El equipo m\u00e9dico que trat\u00f3 en Viena (Austria) al candidato opositor a la Presidencia de Ucrania, Viktor Yuschenko, confirma que fue envenenado con dioxina.<\/p>\n<p style=\"text-align: justify;\">2006- Realizado en el Hospital La Fe de Valencia (Espa\u00f1a) el primer trasplante de ambas manos en el mundo a una paciente femenina<\/p>\n","protected":false},"excerpt":{"rendered":"<p>En otro once de diciembre, pero de 1843, nace Robert Koch, m\u00e9dico famoso por descubrir el bacilo de la tuberculosis (Bacilo de Koch) en 1882, as\u00ed como el bacilo del c\u00f3lera. 1576- Recae sentencia absolutoria en la causa seguida por la Inquisici\u00f3n contra Fray Luis de Le\u00f3n, tras casi cinco a\u00f1os de encarcelamiento. 1738- Descubrimiento&hellip;<\/p>\n","protected":false},"author":1,"featured_media":0,"comment_status":"open","ping_status":"open","sticky":false,"template":"","format":"standard","meta":{"footnotes":""},"categories":[14],"tags":[],"class_list":["post-2273","post","type-post","status-publish","format-standard","hentry","category-efemerides"],"_links":{"self":[{"href":"https:\/\/www.elsindical.com.ar\/notas\/wp-json\/wp\/v2\/posts\/2273","targetHints":{"allow":["GET"]}}],"collection":[{"href":"https:\/\/www.elsindical.com.ar\/notas\/wp-json\/wp\/v2\/posts"}],"about":[{"href":"https:\/\/www.elsindical.com.ar\/notas\/wp-json\/wp\/v2\/types\/post"}],"author":[{"embeddable":true,"href":"https:\/\/www.elsindical.com.ar\/notas\/wp-json\/wp\/v2\/users\/1"}],"replies":[{"embeddable":true,"href":"https:\/\/www.elsindical.com.ar\/notas\/wp-json\/wp\/v2\/comments?post=2273"}],"version-history":[{"count":1,"href":"https:\/\/www.elsindical.com.ar\/notas\/wp-json\/wp\/v2\/posts\/2273\/revisions"}],"predecessor-version":[{"id":2274,"href":"https:\/\/www.elsindical.com.ar\/notas\/wp-json\/wp\/v2\/posts\/2273\/revisions\/2274"}],"wp:attachment":[{"href":"https:\/\/www.elsindical.com.ar\/notas\/wp-json\/wp\/v2\/media?parent=2273"}],"wp:term":[{"taxonomy":"category","embeddable":true,"href":"https:\/\/www.elsindical.com.ar\/notas\/wp-json\/wp\/v2\/categories?post=2273"},{"taxonomy":"post_tag","embeddable":true,"href":"https:\/\/www.elsindical.com.ar\/notas\/wp-json\/wp\/v2\/tags?post=2273"}],"curies":[{"name":"wp","href":"https:\/\/api.w.org\/{rel}","templated":true}]}}