{"id":22641,"date":"2012-04-01T13:42:21","date_gmt":"2012-04-01T16:42:21","guid":{"rendered":"http:\/\/www.elsindical.com.ar\/notas\/?p=22641"},"modified":"2012-04-01T13:42:21","modified_gmt":"2012-04-01T16:42:21","slug":"ciccone-cerca-de-cerrar-un-contrato-para-imprimir-un-millon-de-patentes","status":"publish","type":"post","link":"https:\/\/www.elsindical.com.ar\/notas\/ciccone-cerca-de-cerrar-un-contrato-para-imprimir-un-millon-de-patentes\/","title":{"rendered":"Ciccone, cerca de cerrar un contrato para imprimir un mill\u00f3n de patentes"},"content":{"rendered":"<p style=\"text-align: justify;\"><em><a href=\"http:\/\/www.elsindical.com.ar\/notas\/var\/www\/html\/notas\/wp-content\/uploads\/2012\/04\/Ciccone-calcografica-Boudou.jpg\"><img loading=\"lazy\" decoding=\"async\" class=\"alignleft size-medium wp-image-22642\" title=\"Ciccone-calcografica-Boudou\" src=\"http:\/\/www.elsindical.com.ar\/notas\/var\/www\/html\/notas\/wp-content\/uploads\/2012\/04\/Ciccone-calcografica-Boudou-300x177.jpg\" alt=\"\" width=\"300\" height=\"177\" srcset=\"https:\/\/www.elsindical.com.ar\/notas\/var\/www\/html\/notas\/wp-content\/uploads\/2012\/04\/Ciccone-calcografica-Boudou-300x177.jpg 300w, https:\/\/www.elsindical.com.ar\/notas\/var\/www\/html\/notas\/wp-content\/uploads\/2012\/04\/Ciccone-calcografica-Boudou.jpg 413w\" sizes=\"auto, (max-width: 300px) 100vw, 300px\" \/><\/a>Es un negocio de 10 millones de d\u00f3lares. El expediente, a la firma del ministro Alak.<\/em><\/p>\n<p style=\"text-align: justify;\">La ex Ciccone Calcogr\u00e1fica est\u00e1 a punto de alzarse con otro multimillonario negocio otorgado por el Gobierno. Adem\u00e1s de imprimir billetes, es muy probable que confeccione m\u00e1s documentos de seguridad y relevancia p\u00fablicas <strong>: las patentes de un mill\u00f3n de autos.<\/strong><\/p>\n<p style=\"text-align: justify;\">Se trata de un contrato por el que podr\u00eda cobrar alrededor de 10 millones de d\u00f3lares.<\/p>\n<p style=\"text-align: justify;\">Ciccone, hoy llamada Compa\u00f1\u00eda de Valores Sudamericana (CVS), present\u00f3 el precio m\u00e1s bajo para imprimir chapas de veh\u00edculos a trav\u00e9s de la Asociaci\u00f3n de Concesionarios de Automotores (ACARA), un organismo privado pero que <strong>depende del Ministerio de Justicia<\/strong> , que deleg\u00f3 en \u00e9l la confecci\u00f3n de la documentaci\u00f3n vehicular.<\/p>\n<p style=\"text-align: justify;\"><strong>Clar\u00edn<\/strong>\u00a0 inform\u00f3 en su edici\u00f3n del 10 de febrero que Vandenbroele hab\u00eda presentado a su empresa en las licitaciones 28-11, 27-11 y 24-11 de ACARA. Se trataba de las compulsas de precios relativas a la impresi\u00f3n de c\u00e9dulas y patentes de autos y motos.<\/p>\n<p style=\"text-align: justify;\">Desde ACARA informaron a este diario que, al menos en la licitaci\u00f3n referida a la confecci\u00f3n de un mill\u00f3n de patentes de autos, la ex Ciccone <strong>result\u00f3 ganadora.<\/strong><\/p>\n<p style=\"text-align: justify;\">El paso burocr\u00e1tico que falta para confirmarle la adjudicaci\u00f3n de ese negocio es una firma del ministro de Justicia, Julio Alak.<\/p>\n<p style=\"text-align: justify;\">El funcionario aun no tom\u00f3 una decisi\u00f3n respecto a ese expediente. Se encuentra frente a una encrucijada. Ocurre que la empresa que present\u00f3 el segundo precio m\u00e1s bajo para imprimir las patentes es Erich Utsch Sudamericana, socia de Boldt, la compa\u00f1\u00eda a la que el vicepresidente, Amado Boudou, <strong>acusa, solo desde la ret\u00f3rica, de haber promovido una campa\u00f1a en su contra<\/strong> (ver <strong>Boldt&#8230;).<\/strong><\/p>\n<p style=\"text-align: justify;\">Si bien la ex Ciccone present\u00f3 el precio m\u00e1s barato para hacer las patentes, lo cierto es que su situaci\u00f3n administrativa y judicial <strong>es compleja.<\/strong><\/p>\n<p style=\"text-align: justify;\">\u00bfDebe el Gobierno otorgarle la impresi\u00f3n de la identificaci\u00f3n de los autos a una empresa investigada por lavado de dinero? <strong>\u00bfQui\u00e9nes son los verdaderos due\u00f1os de la ex Ciccone?<\/strong> \u00bfSus papeles est\u00e1n efectivamente en regla? Todos esos interrogantes son investigados por el fiscal Carlos R\u00edvolo y el juez federal Daniel Rafecas en una causa en la que se investiga si el vicepresidente Amado Boudou, siendo ministro de Econom\u00eda, cometi\u00f3 el delito de <strong>tr\u00e1fico de influencias<\/strong>\u00a0 en favor de la ex Ciccone.<\/p>\n<p style=\"text-align: justify;\">En sus \u00e9pocas de ministro, Boudou sol\u00eda reunirse con las autoridades de ACARA. Incluso alguna vez fue la figura central de un evento de esa organizaci\u00f3n. Las fotos de esa reuni\u00f3n se encuentran en la Web.<\/p>\n<p style=\"text-align: justify;\">Vandenbroele lleg\u00f3 a la conducci\u00f3n de la ex Ciccone en julio del 2011. Ya en aquel momento parec\u00eda tener claro que lograr\u00eda al menos dos negocios gracias a sus contactos con el Gobierno. En como m\u00ednimo dos reuniones con sus empleados, se sincer\u00f3 y dijo que los trabajadores de la empresa ten\u00edan que quedarse tranquilos porque la firma imprimir\u00eda \u201cpapel moneda\u201d y tambi\u00e9n \u201clas patentes\u201d. Para lograrlo, dijo, deb\u00edan <strong>\u201cpasar las elecciones\u201d.<\/strong><\/p>\n<p style=\"text-align: justify;\">Hay decenas de testigos de esas escenas.<\/p>\n<p style=\"text-align: justify;\">Las elecciones presidenciales, efectivamente, pasaron. Las promesas de Vandenbroele a sus empleados est\u00e1n a punto de cumplirse: la ex Ciccone <strong>har\u00e1 billetes.<\/strong><\/p>\n<p style=\"text-align: justify;\">Y, es muy probable, patentes de autos.<\/p>\n<p style=\"text-align: justify;\">\n<h2 style=\"text-align: justify;\">Boldt va por las de motos<\/h2>\n<p style=\"text-align: justify;\">\n<p style=\"text-align: justify;\">Las licitaciones de precios de ACARA por la impresi\u00f3n de patentes para autos y motos se complejizaron pol\u00edticamente. Ocurre que, en las dos compulsas de precios, la ex Ciccone Calcogr\u00e1fica compiti\u00f3 contra Erich Utsch Sudamericana, socia de Boldt, a quien el vicepresidente, Amado Boudou, eligi\u00f3 como rival en su ret\u00f3rica para intentar defenderse de las acusaciones judiciales que pesan en su contra. La ex Ciccone propuso el menor precio para hacer la documentaci\u00f3n de los autos, aunque una pericia t\u00e9cnica sobre esa empresa referida a este tema tuvo un resultado negativo. Pero en la competencia de precios por las patentes de motos, Erich Utsch le gan\u00f3 a la ex Ciccone. Alak se enfrenta ahora a un dos opciones dif\u00edciles: otorgarle un negocio a la ex Ciccone, investigada por lavado de dinero; cuando a la vez deber\u00eda hacer lo mismo con Boldt, nueva enemiga de su Gobierno.<\/p>\n<p style=\"text-align: justify;\">\n<p style=\"text-align: justify;\"><strong>Fuente:Clar\u00edn<\/strong><\/p>\n","protected":false},"excerpt":{"rendered":"<p>Es un negocio de 10 millones de d\u00f3lares. El expediente, a la firma del ministro Alak. La ex Ciccone Calcogr\u00e1fica est\u00e1 a punto de alzarse con otro multimillonario negocio otorgado por el Gobierno. Adem\u00e1s de imprimir billetes, es muy probable que confeccione m\u00e1s documentos de seguridad y relevancia p\u00fablicas : las patentes de un mill\u00f3n&hellip;<\/p>\n","protected":false},"author":1,"featured_media":0,"comment_status":"open","ping_status":"open","sticky":false,"template":"","format":"standard","meta":{"footnotes":""},"categories":[12],"tags":[1910,1126,10840,936,10841,10842,375,10839,146,10843],"class_list":["post-22641","post","type-post","status-publish","format-standard","hentry","category-investigacion","tag-amado-budou","tag-autos","tag-boldt","tag-ciccone-calcografica","tag-compania-de-valores-sudamericana","tag-cvs","tag-gobierno","tag-ministerio-de-justicia-de-la-nacion","tag-motos","tag-patentes"],"_links":{"self":[{"href":"https:\/\/www.elsindical.com.ar\/notas\/wp-json\/wp\/v2\/posts\/22641","targetHints":{"allow":["GET"]}}],"collection":[{"href":"https:\/\/www.elsindical.com.ar\/notas\/wp-json\/wp\/v2\/posts"}],"about":[{"href":"https:\/\/www.elsindical.com.ar\/notas\/wp-json\/wp\/v2\/types\/post"}],"author":[{"embeddable":true,"href":"https:\/\/www.elsindical.com.ar\/notas\/wp-json\/wp\/v2\/users\/1"}],"replies":[{"embeddable":true,"href":"https:\/\/www.elsindical.com.ar\/notas\/wp-json\/wp\/v2\/comments?post=22641"}],"version-history":[{"count":1,"href":"https:\/\/www.elsindical.com.ar\/notas\/wp-json\/wp\/v2\/posts\/22641\/revisions"}],"predecessor-version":[{"id":22643,"href":"https:\/\/www.elsindical.com.ar\/notas\/wp-json\/wp\/v2\/posts\/22641\/revisions\/22643"}],"wp:attachment":[{"href":"https:\/\/www.elsindical.com.ar\/notas\/wp-json\/wp\/v2\/media?parent=22641"}],"wp:term":[{"taxonomy":"category","embeddable":true,"href":"https:\/\/www.elsindical.com.ar\/notas\/wp-json\/wp\/v2\/categories?post=22641"},{"taxonomy":"post_tag","embeddable":true,"href":"https:\/\/www.elsindical.com.ar\/notas\/wp-json\/wp\/v2\/tags?post=22641"}],"curies":[{"name":"wp","href":"https:\/\/api.w.org\/{rel}","templated":true}]}}