{"id":22617,"date":"2012-03-31T00:37:11","date_gmt":"2012-03-31T03:37:11","guid":{"rendered":"http:\/\/www.elsindical.com.ar\/notas\/?p=22617"},"modified":"2012-03-31T00:37:11","modified_gmt":"2012-03-31T03:37:11","slug":"la-plataabsolvieron-a-tres-penitenciarios-acusados-de-matar-a-un-preso-en-un-fallo-vergonzoso","status":"publish","type":"post","link":"https:\/\/www.elsindical.com.ar\/notas\/la-plataabsolvieron-a-tres-penitenciarios-acusados-de-matar-a-un-preso-en-un-fallo-vergonzoso\/","title":{"rendered":"La Plata:Absolvieron a tres penitenciarios acusados de matar a un preso en un fallo vergonzoso"},"content":{"rendered":"<p style=\"text-align: justify;\"><em><a href=\"http:\/\/www.elsindical.com.ar\/notas\/var\/www\/html\/notas\/wp-content\/uploads\/2012\/03\/TOC-4-La-Plata.jpg\"><img loading=\"lazy\" decoding=\"async\" class=\"alignleft size-medium wp-image-22618\" title=\"TOC-4-La-Plata\" src=\"http:\/\/www.elsindical.com.ar\/notas\/var\/www\/html\/notas\/wp-content\/uploads\/2012\/03\/TOC-4-La-Plata-300x225.jpg\" alt=\"\" width=\"300\" height=\"225\" srcset=\"https:\/\/www.elsindical.com.ar\/notas\/var\/www\/html\/notas\/wp-content\/uploads\/2012\/03\/TOC-4-La-Plata-300x225.jpg 300w, https:\/\/www.elsindical.com.ar\/notas\/var\/www\/html\/notas\/wp-content\/uploads\/2012\/03\/TOC-4-La-Plata.jpg 413w\" sizes=\"auto, (max-width: 300px) 100vw, 300px\" \/><\/a>El fallo fue resuelto por el Tribunal Oral en lo Criminal Cuatro de La Plata. Seg\u00fan resolvi\u00f3 hoy, el director del penal Melchor Romero, Carlos Martino; el responsable del pabell\u00f3n 10, Sergio Chaile; y al inspector de Vigilancia, Jos\u00e9 Pedrozo fueron encontrados inocentes de haber torturado y asesinado a un interno. Desde la Comisi\u00f3n Provincial por la Memoria manifestaron su total repudio a la decisi\u00f3n de los jueces y calificaron como \u201cvergonzoso\u201d al fallo. En tanto, el padre del hombre que perdi\u00f3 la vida asegur\u00f3 que \u201clo violaron y lo prendieron fuego\u201d. \u201c\u00bfY en qu\u00e9 qued\u00f3?\u201d, inquiri\u00f3.<\/em><\/p>\n<p style=\"text-align: justify;\">Tres efectivos del Servicio Penitenciario bonaerense que estaban acusados de haber torturado y asesinado a un interno de la Unidad 29 de Melchor Romero fueron absueltos hoy, en septiembre de 2004.<\/p>\n<p style=\"text-align: justify;\">El Tribunal Oral en lo Criminal 4 de La Plata absolvi\u00f3 al director del penal, Carlos Martino; al responsable del pabell\u00f3n 10, Sergio Chaile; y al inspector de Vigilancia, Jos\u00e9 Pedrozo; quienes fueron juzgados por las torturas seguidas de muerte padecidas por el interno Luis Angel Gorosito Monterrosa.<\/p>\n<p style=\"text-align: justify;\">Al t\u00e9rmino de la lectura por secretar\u00eda del veredicto, con la ausencia de los Jueces Emir Caputo T\u00e1rtara, Juan Carlos Bruni e In\u00e9s Noem\u00ed Siro, la Comisi\u00f3n Provincial por la Memoria (CPM) calific\u00f3 de \u00abvergonzozo\u00bb el fallo.<\/p>\n<p style=\"text-align: justify;\">El co presidente de la CMP, Hugo Ca\u00f1\u00f3n, quien presenci\u00f3 la lectura del fallo manifest\u00f3 que \u201cescuchar esta sentencia causa la indignaci\u00f3n de lo que significa la justicia humana en esta estructura que tenemos\u00bb.<\/p>\n<p style=\"text-align: justify;\">\u00abYo acepto inclusive que hubiera terminado en absoluci\u00f3n por el beneficio de la duda. Hasta ah\u00ed podr\u00edamos entrar a considerar que hay un an\u00e1lisis imparcial y objetivo que corresponde a los jueces\u00bb, asegur\u00f3.<\/p>\n<p style=\"text-align: justify;\">Por su parte, \u00c1ngel Gorosito, padre de Luis Gorosito -el hombre que perdi\u00f3 la vida dentro del penal-, manifest\u00f3: \u201cEsto es una mentira. \u00bfQu\u00e9 vas a creer en la Justicia? No lo pod\u00e9s creer. Nosotros venimos peleando hace tantos a\u00f1os. Ya se sabe todo lo que le pas\u00f3 a mi hijo y c\u00f3mo estaba: solo, lo prendieron fuego, lo violaron y \u00bfen qu\u00e9 qued\u00f3?\u00bb.<\/p>\n<p style=\"text-align: justify;\">En tanto, Roberto Cipriano Garc\u00eda, director general del Comit\u00e9 contra la Tortura afirm\u00f3 que \u201cadulteraron pruebas, hostigaron y silenciaron testigos, prepararon a sus compa\u00f1eros penitenciarios para que declaren hasta contradiciendo lo declarado en primera instancia\u00bb.<\/p>\n","protected":false},"excerpt":{"rendered":"<p>El fallo fue resuelto por el Tribunal Oral en lo Criminal Cuatro de La Plata. Seg\u00fan resolvi\u00f3 hoy, el director del penal Melchor Romero, Carlos Martino; el responsable del pabell\u00f3n 10, Sergio Chaile; y al inspector de Vigilancia, Jos\u00e9 Pedrozo fueron encontrados inocentes de haber torturado y asesinado a un interno. Desde la Comisi\u00f3n Provincial&hellip;<\/p>\n","protected":false},"author":1,"featured_media":0,"comment_status":"open","ping_status":"open","sticky":false,"template":"","format":"standard","meta":{"footnotes":""},"categories":[20],"tags":[10826,10828,239,8804,10827,10829],"class_list":["post-22617","post","type-post","status-publish","format-standard","hentry","category-judiciales","tag-carlos-martino","tag-jose-pedrozo","tag-la-plata","tag-melchor-romero","tag-sergio-chaile","tag-toc-4"],"_links":{"self":[{"href":"https:\/\/www.elsindical.com.ar\/notas\/wp-json\/wp\/v2\/posts\/22617","targetHints":{"allow":["GET"]}}],"collection":[{"href":"https:\/\/www.elsindical.com.ar\/notas\/wp-json\/wp\/v2\/posts"}],"about":[{"href":"https:\/\/www.elsindical.com.ar\/notas\/wp-json\/wp\/v2\/types\/post"}],"author":[{"embeddable":true,"href":"https:\/\/www.elsindical.com.ar\/notas\/wp-json\/wp\/v2\/users\/1"}],"replies":[{"embeddable":true,"href":"https:\/\/www.elsindical.com.ar\/notas\/wp-json\/wp\/v2\/comments?post=22617"}],"version-history":[{"count":1,"href":"https:\/\/www.elsindical.com.ar\/notas\/wp-json\/wp\/v2\/posts\/22617\/revisions"}],"predecessor-version":[{"id":22619,"href":"https:\/\/www.elsindical.com.ar\/notas\/wp-json\/wp\/v2\/posts\/22617\/revisions\/22619"}],"wp:attachment":[{"href":"https:\/\/www.elsindical.com.ar\/notas\/wp-json\/wp\/v2\/media?parent=22617"}],"wp:term":[{"taxonomy":"category","embeddable":true,"href":"https:\/\/www.elsindical.com.ar\/notas\/wp-json\/wp\/v2\/categories?post=22617"},{"taxonomy":"post_tag","embeddable":true,"href":"https:\/\/www.elsindical.com.ar\/notas\/wp-json\/wp\/v2\/tags?post=22617"}],"curies":[{"name":"wp","href":"https:\/\/api.w.org\/{rel}","templated":true}]}}