{"id":22605,"date":"2012-03-30T17:32:02","date_gmt":"2012-03-30T20:32:02","guid":{"rendered":"http:\/\/www.elsindical.com.ar\/notas\/?p=22605"},"modified":"2012-03-30T17:32:02","modified_gmt":"2012-03-30T20:32:02","slug":"lomas-de-zamoratemperley-un-nuevo-hecho-de-inseguridad-refuerza-el-reclamo-vecinal","status":"publish","type":"post","link":"https:\/\/www.elsindical.com.ar\/notas\/lomas-de-zamoratemperley-un-nuevo-hecho-de-inseguridad-refuerza-el-reclamo-vecinal\/","title":{"rendered":"Lomas de Zamora:Temperley, un nuevo hecho de inseguridad refuerza el reclamo vecinal"},"content":{"rendered":"<p style=\"text-align: justify;\"><em><a href=\"http:\/\/www.elsindical.com.ar\/notas\/var\/www\/html\/notas\/wp-content\/uploads\/2012\/03\/Luis-asaltado-en-Temperley.jpg\"><img loading=\"lazy\" decoding=\"async\" class=\"alignleft size-medium wp-image-22606\" title=\"Luis-asaltado-en-Temperley\" src=\"http:\/\/www.elsindical.com.ar\/notas\/var\/www\/html\/notas\/wp-content\/uploads\/2012\/03\/Luis-asaltado-en-Temperley-300x225.jpg\" alt=\"\" width=\"300\" height=\"225\" srcset=\"https:\/\/www.elsindical.com.ar\/notas\/var\/www\/html\/notas\/wp-content\/uploads\/2012\/03\/Luis-asaltado-en-Temperley-300x225.jpg 300w, https:\/\/www.elsindical.com.ar\/notas\/var\/www\/html\/notas\/wp-content\/uploads\/2012\/03\/Luis-asaltado-en-Temperley.jpg 413w\" sizes=\"auto, (max-width: 300px) 100vw, 300px\" \/><\/a>El hecho ocurri\u00f3 anoche, alrededor de las 20:00, cuando el hombre intentaba entrar su auto al garage de su casa. En ese momento cinco delincuentes lo abordaron y quisieron entrar a la vivienda, pero \u00e9l se resisti\u00f3 y le gatillaron dos veces. <strong>Los vecinos exigen seguridad<\/strong>.<\/em><\/p>\n<p style=\"text-align: justify;\">Un hombre de 63 a\u00f1os, su hija y su mujer vivieron una odisea anoche, cuando cinco delincuentes entraron a su casa, de Temperley, les robaron y los golpearon de manera feroz. Al hombre, le gatillaron adem\u00e1s dos veces en la cabeza, pero las balas s\u00f3lo lo golpearon, y le provocaron una herida superficial.<\/p>\n<p style=\"text-align: justify;\">El hecho ocurri\u00f3 anoche, alrededor de las 20:00, en una vivienda ubicada sobre la calle Senillosa al 200, en momento en que la v\u00edctima llegaba a su hogar e intentaba guardar su auto en el garage. En ese momento Luis \u2013tal el nombre del padre de familia- fue abordado por cinco delincuentes que quisieron ingresar con \u00e9l a casa, pero como se resisti\u00f3 le dispararon un tiro que le rez\u00f3 la nuca, y otro que le peg\u00f3 al costado del cr\u00e1neo.<\/p>\n<p style=\"text-align: justify;\">\u201cAh\u00ed qued\u00e9 tirado en el piso, y me gatillaron tres veces m\u00e1s, pero no salieron las balas\u201d, cont\u00f3 el hombre aun conmocionado a la prensa.<\/p>\n<p style=\"text-align: justify;\">Con el herido ya, los delincuentes entraron a la vivienda e increparon a la mujer y la hija, a quienes golpearon para exigirles dinero: se llevaron 1500 pesos y varios objetos personales.<\/p>\n<p style=\"text-align: justify;\">Luis fue trasladado por sus vecinos al Hospital Gandulfo, donde le curaron los golpes y las quemaduras que le provocaron las balas.<\/p>\n","protected":false},"excerpt":{"rendered":"<p>El hecho ocurri\u00f3 anoche, alrededor de las 20:00, cuando el hombre intentaba entrar su auto al garage de su casa. En ese momento cinco delincuentes lo abordaron y quisieron entrar a la vivienda, pero \u00e9l se resisti\u00f3 y le gatillaron dos veces. Los vecinos exigen seguridad. Un hombre de 63 a\u00f1os, su hija y su&hellip;<\/p>\n","protected":false},"author":1,"featured_media":0,"comment_status":"open","ping_status":"open","sticky":false,"template":"","format":"standard","meta":{"footnotes":""},"categories":[22],"tags":[320,984,1739,744,514,116,613,1430,986],"class_list":["post-22605","post","type-post","status-publish","format-standard","hentry","category-policiales","tag-golpes","tag-inseguridad","tag-lesiones","tag-lomas-de-zamora","tag-reclamos","tag-robo","tag-seguridad","tag-temperley","tag-vecinos"],"_links":{"self":[{"href":"https:\/\/www.elsindical.com.ar\/notas\/wp-json\/wp\/v2\/posts\/22605","targetHints":{"allow":["GET"]}}],"collection":[{"href":"https:\/\/www.elsindical.com.ar\/notas\/wp-json\/wp\/v2\/posts"}],"about":[{"href":"https:\/\/www.elsindical.com.ar\/notas\/wp-json\/wp\/v2\/types\/post"}],"author":[{"embeddable":true,"href":"https:\/\/www.elsindical.com.ar\/notas\/wp-json\/wp\/v2\/users\/1"}],"replies":[{"embeddable":true,"href":"https:\/\/www.elsindical.com.ar\/notas\/wp-json\/wp\/v2\/comments?post=22605"}],"version-history":[{"count":1,"href":"https:\/\/www.elsindical.com.ar\/notas\/wp-json\/wp\/v2\/posts\/22605\/revisions"}],"predecessor-version":[{"id":22607,"href":"https:\/\/www.elsindical.com.ar\/notas\/wp-json\/wp\/v2\/posts\/22605\/revisions\/22607"}],"wp:attachment":[{"href":"https:\/\/www.elsindical.com.ar\/notas\/wp-json\/wp\/v2\/media?parent=22605"}],"wp:term":[{"taxonomy":"category","embeddable":true,"href":"https:\/\/www.elsindical.com.ar\/notas\/wp-json\/wp\/v2\/categories?post=22605"},{"taxonomy":"post_tag","embeddable":true,"href":"https:\/\/www.elsindical.com.ar\/notas\/wp-json\/wp\/v2\/tags?post=22605"}],"curies":[{"name":"wp","href":"https:\/\/api.w.org\/{rel}","templated":true}]}}