{"id":22599,"date":"2012-03-30T17:18:49","date_gmt":"2012-03-30T20:18:49","guid":{"rendered":"http:\/\/www.elsindical.com.ar\/notas\/?p=22599"},"modified":"2012-03-30T17:18:49","modified_gmt":"2012-03-30T20:18:49","slug":"docentes-portenos-levantaron-la-carpa-a-la-espera-de-un-gesto-del-gobierno-de-la-ciudad","status":"publish","type":"post","link":"https:\/\/www.elsindical.com.ar\/notas\/docentes-portenos-levantaron-la-carpa-a-la-espera-de-un-gesto-del-gobierno-de-la-ciudad\/","title":{"rendered":"Docentes porte\u00f1os levantaron la carpa a la espera de un gesto del Gobierno de la Ciudad"},"content":{"rendered":"<p style=\"text-align: justify;\"><em><a href=\"http:\/\/www.elsindical.com.ar\/notas\/var\/www\/html\/notas\/wp-content\/uploads\/2012\/03\/carpa-docentes-porte\u00f1os.jpg\"><img loading=\"lazy\" decoding=\"async\" class=\"alignleft size-medium wp-image-22600\" title=\"carpa-docentes-porte\u00f1os\" src=\"http:\/\/www.elsindical.com.ar\/notas\/var\/www\/html\/notas\/wp-content\/uploads\/2012\/03\/carpa-docentes-porte\u00f1os-300x225.jpg\" alt=\"\" width=\"300\" height=\"225\" srcset=\"https:\/\/www.elsindical.com.ar\/notas\/var\/www\/html\/notas\/wp-content\/uploads\/2012\/03\/carpa-docentes-porte\u00f1os-300x225.jpg 300w, https:\/\/www.elsindical.com.ar\/notas\/var\/www\/html\/notas\/wp-content\/uploads\/2012\/03\/carpa-docentes-porte\u00f1os.jpg 413w\" sizes=\"auto, (max-width: 300px) 100vw, 300px\" \/><\/a>Los maestros de <strong>UTE-Ctera<\/strong> quitaron la tienda que hab\u00edan instalado frente a la Jefatura de Gobierno porte\u00f1o para reclamar que se \u00ab<strong>revea el cierre de 221 grados<\/strong>\u00ab. <strong>Esta tarde habr\u00e1 un encuentro con el gremio Ademys<\/strong>.<\/em><\/p>\n<p style=\"text-align: justify;\">Los docentes porte\u00f1os levantaron esta tarde la carpa que <strong>instalaron hace 20 d\u00edas<\/strong>, y anticiparon que est\u00e1n a la espera que el ministro de Educaci\u00f3n, <strong>Esteban Bullrich<\/strong>, env\u00ede la nueva circular en la que modifica la fusi\u00f3n de grados.<\/p>\n<p style=\"text-align: justify;\">El secretario general de UTE-Ctera, <strong>Eduardo L\u00f3pez<\/strong>, dijo: \u00ab<strong>Tal como nos comprometimos, levantamos la carpa a fin de marzo<\/strong>\u00ab. Durante estos d\u00edas, consiguieron juntar \u00ab<strong>50 mil firmas<\/strong>\u00bb para el petitorio que se presentar\u00e1 ante el gobierno de la Ciudad para que \u00ab<strong>revea el cierre de 221 grados<\/strong>\u00ab.<\/p>\n<p style=\"text-align: justify;\">L\u00f3pez asegur\u00f3 adem\u00e1s que Bullrich \u00ab<strong>prometi\u00f3 sacar una disposici\u00f3n en la que revea el cierre de grados y plantea la apertura de aulas en el sur de la Ciudad<\/strong>\u00ab.<\/p>\n","protected":false},"excerpt":{"rendered":"<p>Los maestros de UTE-Ctera quitaron la tienda que hab\u00edan instalado frente a la Jefatura de Gobierno porte\u00f1o para reclamar que se \u00abrevea el cierre de 221 grados\u00ab. Esta tarde habr\u00e1 un encuentro con el gremio Ademys. Los docentes porte\u00f1os levantaron esta tarde la carpa que instalaron hace 20 d\u00edas, y anticiparon que est\u00e1n a la&hellip;<\/p>\n","protected":false},"author":1,"featured_media":0,"comment_status":"open","ping_status":"open","sticky":false,"template":"","format":"standard","meta":{"footnotes":""},"categories":[16],"tags":[10821,4633,2719,497,3552,1011,4272,10415,514,777],"class_list":["post-22599","post","type-post","status-publish","format-standard","hentry","category-gremiales","tag-221-grados","tag-aulas","tag-ctera","tag-docentes","tag-esteban-bullrich","tag-gobierno-de-la-ciudad","tag-jefatura-de-gobierno","tag-ministro-de-educacion","tag-reclamos","tag-ute"],"_links":{"self":[{"href":"https:\/\/www.elsindical.com.ar\/notas\/wp-json\/wp\/v2\/posts\/22599","targetHints":{"allow":["GET"]}}],"collection":[{"href":"https:\/\/www.elsindical.com.ar\/notas\/wp-json\/wp\/v2\/posts"}],"about":[{"href":"https:\/\/www.elsindical.com.ar\/notas\/wp-json\/wp\/v2\/types\/post"}],"author":[{"embeddable":true,"href":"https:\/\/www.elsindical.com.ar\/notas\/wp-json\/wp\/v2\/users\/1"}],"replies":[{"embeddable":true,"href":"https:\/\/www.elsindical.com.ar\/notas\/wp-json\/wp\/v2\/comments?post=22599"}],"version-history":[{"count":2,"href":"https:\/\/www.elsindical.com.ar\/notas\/wp-json\/wp\/v2\/posts\/22599\/revisions"}],"predecessor-version":[{"id":22602,"href":"https:\/\/www.elsindical.com.ar\/notas\/wp-json\/wp\/v2\/posts\/22599\/revisions\/22602"}],"wp:attachment":[{"href":"https:\/\/www.elsindical.com.ar\/notas\/wp-json\/wp\/v2\/media?parent=22599"}],"wp:term":[{"taxonomy":"category","embeddable":true,"href":"https:\/\/www.elsindical.com.ar\/notas\/wp-json\/wp\/v2\/categories?post=22599"},{"taxonomy":"post_tag","embeddable":true,"href":"https:\/\/www.elsindical.com.ar\/notas\/wp-json\/wp\/v2\/tags?post=22599"}],"curies":[{"name":"wp","href":"https:\/\/api.w.org\/{rel}","templated":true}]}}