{"id":22587,"date":"2012-03-30T02:42:17","date_gmt":"2012-03-30T05:42:17","guid":{"rendered":"http:\/\/www.elsindical.com.ar\/notas\/?p=22587"},"modified":"2012-03-30T02:42:47","modified_gmt":"2012-03-30T05:42:47","slug":"vecinos-de-avellaneda-y-lanus-marcharon-en-reclamo-de-seguridad","status":"publish","type":"post","link":"https:\/\/www.elsindical.com.ar\/notas\/vecinos-de-avellaneda-y-lanus-marcharon-en-reclamo-de-seguridad\/","title":{"rendered":"Vecinos de Avellaneda y Lan\u00fas marcharon en reclamo de seguridad"},"content":{"rendered":"<p style=\"text-align: justify;\"><em><a href=\"http:\/\/www.elsindical.com.ar\/notas\/var\/www\/html\/notas\/wp-content\/uploads\/2012\/03\/protesta-de-vecinos-Lan\u00fas-y-Avellaneda.jpg\"><img loading=\"lazy\" decoding=\"async\" class=\"alignleft size-medium wp-image-22588\" title=\"protesta-de-vecinos-Lan\u00fas-y-Avellaneda\" src=\"http:\/\/www.elsindical.com.ar\/notas\/var\/www\/html\/notas\/wp-content\/uploads\/2012\/03\/protesta-de-vecinos-Lan\u00fas-y-Avellaneda-300x225.jpg\" alt=\"\" width=\"300\" height=\"225\" srcset=\"https:\/\/www.elsindical.com.ar\/notas\/var\/www\/html\/notas\/wp-content\/uploads\/2012\/03\/protesta-de-vecinos-Lan\u00fas-y-Avellaneda-300x225.jpg 300w, https:\/\/www.elsindical.com.ar\/notas\/var\/www\/html\/notas\/wp-content\/uploads\/2012\/03\/protesta-de-vecinos-Lan\u00fas-y-Avellaneda.jpg 400w\" sizes=\"auto, (max-width: 300px) 100vw, 300px\" \/><\/a>Desde el cruce de Cabildo e Hip\u00f3lito Yrigoyen hasta la intersecci\u00f3n de la avenida con Brasil, cientos de vecinos y allegados a personas que sufrieron hechos de inseguridad marcharon para pedir m\u00e1s seguridad. La convocatoria se hizo a ra\u00edz del crimen de Leandro Rojas, el oficial de la Metropolitana que el domingo fue asesinado en un intento de robo en Avellaneda. Al grito de \u201cBasta de inseguridad\u201d y \u201cQueremos justicia\u201d caminaron por las calles de las dos ciudades. Estuvo presente la mam\u00e1 de Alex Ayala, el joven de 31 a\u00f1os asesinado en Lan\u00fas hace dos semanas cuando le robaron su auto.<\/em><\/p>\n<p style=\"text-align: justify;\">Cientos de vecinos de Avellaneda y Lan\u00fas se movilizaron ayer para reclamar m\u00e1s seguridad en los distritos. La nueva convocatoria se produjo tras el crimen de Leandro Rojas, el efectivo de la Polic\u00eda Metropolitana al que asesinaron de varios disparos el domingo por la noche a pocos metros de su casa, en Catamarca y Mario Bravo, en Gerli.<\/p>\n<p style=\"text-align: justify;\">Dolidos y a\u00fan conmocionados por el brutal episodio, seg\u00fan contaron varios allegados de Leandro a Info Regi\u00f3n, sus familiares prefirieron no exponerse ante los medios ya que es \u201cdemasiado pronto\u201d, pese a lo cual hicieron llegar su apoyo al reclamo que reuni\u00f3 a cientos de vecinos, amigos, allegados y familiares de otras v\u00edctimas de la inseguridad.<\/p>\n<p style=\"text-align: justify;\">Apenas pasadas las 18:30 hs., comenzaron a concentrarse en la intersecci\u00f3n de las avenidas Cabildo e Hip\u00f3lito Yrigoyen; all\u00ed fue acerc\u00e1ndose cada vez m\u00e1s gente, y un grupo que comenz\u00f3 siendo de 30 personas se fue acrecentando hasta llegar a poco m\u00e1s de 300, las cuales con pancartas, carteles y fotos de sus seres queridos pidieron m\u00e1s seguridad y justicia.<\/p>\n<p style=\"text-align: justify;\">Sin que se registraran incidentes, cortaron Yrigoyen por poco m\u00e1s de 40 minutos, tiempo en el que curiosos transe\u00fantes se acercaron al lugar y se sumaron a la convocatoria, muchos de ellos sal\u00edan de sus trabajos y otros tantos de buscar a sus hijos del colegio.<\/p>\n<p style=\"text-align: justify;\">Cuando ya ca\u00eda la tarde y las luces se fueron apagando pero el reclamo cobraba m\u00e1s fuerza, caminaron por la avenida hasta la calle Brasil, a cinco cuadras de all\u00ed; la arteria que a Lan\u00fas y Avellaneda.<\/p>\n<p style=\"text-align: justify;\">All\u00ed, hicieron un minuto de silencio en honor y memoria de las v\u00edctimas de la inseguridad en la regi\u00f3n: Leandro, Alex Ayala -su mam\u00e1 estuvo presente y encabezando la marcha-, Siomara \u2013la ni\u00f1a atropellada por un grupo de delincuentes que hu\u00eda de la Polic\u00eda a la entrada de la Isla Maciel a mediados del 2010- y Juan Carlos Klodczyk \u2013el subcomisario de la Bonaerense asesinado en Remedios de Escalada en diciembre de 2011 en un intento de robo- fueron algunos de los nombres a los cuales sus seres queridos dijeron presente.<\/p>\n<p style=\"text-align: justify;\">\u201cYo estoy ac\u00e1 para pedir justicia por mi hijo porque la causa est\u00e1 en el Juzgado N\u00ba 5 de Lomas de Zamora y al expediente lo tienen de un lado para el otro pero qued\u00f3 ah\u00ed, no pasa nada, mientras tanto toda la familia est\u00e1 rota, sus hijos, todos\u201d, cont\u00f3 Sara de Klodczyk, mam\u00e1 de Juan Carlos, a este medio.<\/p>\n<p style=\"text-align: justify;\">Tras ello, se cant\u00f3 el himno nacional y se ley\u00f3 una carta en la que se pidieron m\u00e1s recursos y medidas para luchar contra la inseguridad, as\u00ed como tambi\u00e9n se pidi\u00f3 a la gente que se anime a participar y se sume al reclamo.<\/p>\n<p style=\"text-align: justify;\">\u201cEstamos presentes vecinos de todos los barrios para reclamar contra la inseguridad. Pedimos que no haya m\u00e1s muertes, porque no nos queremos quedar sin vecinos, sin amigos, sin familiares, sin gente en el pueblo. Queremos que nos den una respuesta favorable, la presidencia, la gobernaci\u00f3n o la intendencia, por lo menos alguien\u201d, cont\u00f3 Jonathan, miembro de \u201cFamilias de V\u00edctimas\u201d.<\/p>\n<p style=\"text-align: justify;\">Seg\u00fan agreg\u00f3, las marchas seguir\u00e1n todas las semanas \u201chasta que se reciba una soluci\u00f3n\u201d a las quejas por la falta de seguridad y de justicia que denuncian.<\/p>\n","protected":false},"excerpt":{"rendered":"<p>Desde el cruce de Cabildo e Hip\u00f3lito Yrigoyen hasta la intersecci\u00f3n de la avenida con Brasil, cientos de vecinos y allegados a personas que sufrieron hechos de inseguridad marcharon para pedir m\u00e1s seguridad. La convocatoria se hizo a ra\u00edz del crimen de Leandro Rojas, el oficial de la Metropolitana que el domingo fue asesinado en&hellip;<\/p>\n","protected":false},"author":1,"featured_media":0,"comment_status":"open","ping_status":"open","sticky":false,"template":"","format":"standard","meta":{"footnotes":""},"categories":[25],"tags":[984,10818,292,514,986],"class_list":["post-22587","post","type-post","status-publish","format-standard","hentry","category-sociedad","tag-inseguridad","tag-lanus-avellaneda","tag-protesta","tag-reclamos","tag-vecinos"],"_links":{"self":[{"href":"https:\/\/www.elsindical.com.ar\/notas\/wp-json\/wp\/v2\/posts\/22587","targetHints":{"allow":["GET"]}}],"collection":[{"href":"https:\/\/www.elsindical.com.ar\/notas\/wp-json\/wp\/v2\/posts"}],"about":[{"href":"https:\/\/www.elsindical.com.ar\/notas\/wp-json\/wp\/v2\/types\/post"}],"author":[{"embeddable":true,"href":"https:\/\/www.elsindical.com.ar\/notas\/wp-json\/wp\/v2\/users\/1"}],"replies":[{"embeddable":true,"href":"https:\/\/www.elsindical.com.ar\/notas\/wp-json\/wp\/v2\/comments?post=22587"}],"version-history":[{"count":3,"href":"https:\/\/www.elsindical.com.ar\/notas\/wp-json\/wp\/v2\/posts\/22587\/revisions"}],"predecessor-version":[{"id":22591,"href":"https:\/\/www.elsindical.com.ar\/notas\/wp-json\/wp\/v2\/posts\/22587\/revisions\/22591"}],"wp:attachment":[{"href":"https:\/\/www.elsindical.com.ar\/notas\/wp-json\/wp\/v2\/media?parent=22587"}],"wp:term":[{"taxonomy":"category","embeddable":true,"href":"https:\/\/www.elsindical.com.ar\/notas\/wp-json\/wp\/v2\/categories?post=22587"},{"taxonomy":"post_tag","embeddable":true,"href":"https:\/\/www.elsindical.com.ar\/notas\/wp-json\/wp\/v2\/tags?post=22587"}],"curies":[{"name":"wp","href":"https:\/\/api.w.org\/{rel}","templated":true}]}}