{"id":22560,"date":"2012-03-29T00:38:58","date_gmt":"2012-03-29T03:38:58","guid":{"rendered":"http:\/\/www.elsindical.com.ar\/notas\/?p=22560"},"modified":"2012-03-29T00:38:58","modified_gmt":"2012-03-29T03:38:58","slug":"dos-detenidos-luego-de-una-intensa-persecucion-y-tiroteo-en-san-telmo","status":"publish","type":"post","link":"https:\/\/www.elsindical.com.ar\/notas\/dos-detenidos-luego-de-una-intensa-persecucion-y-tiroteo-en-san-telmo\/","title":{"rendered":"Dos detenidos luego de una intensa persecuci\u00f3n y tiroteo en San Telmo"},"content":{"rendered":"<p style=\"text-align: justify;\"><em><a href=\"http:\/\/www.elsindical.com.ar\/notas\/var\/www\/html\/notas\/wp-content\/uploads\/2012\/03\/patrulla-polic\u00eda-federal.jpg\"><img loading=\"lazy\" decoding=\"async\" class=\"alignleft size-medium wp-image-22561\" title=\"patrulla-polic\u00eda-federal\" src=\"http:\/\/www.elsindical.com.ar\/notas\/var\/www\/html\/notas\/wp-content\/uploads\/2012\/03\/patrulla-polic\u00eda-federal-300x197.jpg\" alt=\"\" width=\"300\" height=\"197\" srcset=\"https:\/\/www.elsindical.com.ar\/notas\/var\/www\/html\/notas\/wp-content\/uploads\/2012\/03\/patrulla-polic\u00eda-federal-300x197.jpg 300w, https:\/\/www.elsindical.com.ar\/notas\/var\/www\/html\/notas\/wp-content\/uploads\/2012\/03\/patrulla-polic\u00eda-federal.jpg 413w\" sizes=\"auto, (max-width: 300px) 100vw, 300px\" \/><\/a>El hecho se inici\u00f3 en la avenida Mitre, en inmediaciones de Villa Tranquila, en Avellaneda donde <strong>efectivos policiales quisieron identificar a los tres ocupantes de un Citro\u00ebn C3 Picasso que transitaba de manera sospechosa. Al negarse escaparon y fueron apresados en la Capital Federal<\/strong>.<\/em><\/p>\n<p style=\"text-align: justify;\">Fuentes policiales informaron que al advertir la presencia de los efectivos en esa localidad de la Provincia de Buenos Aires, los sospechosos huyeron a los tiros hacia la Ciudad de Buenos Aires, por lo que se origin\u00f3 una persecuci\u00f3n por el Puente Pueyrred\u00f3n y la autopista 9 de Julio Sur.<\/p>\n<p style=\"text-align: justify;\">Al entrar a esta Capital, los delincuentes volvieron a disparar contra los polic\u00edas bonaerenses y siguieron su marcha por avenida Paseo Col\u00f3n, hasta que en el cruce con Carlos Calvo chocaron con una Renault Kangoo y detuvieron su marcha.<\/p>\n<p style=\"text-align: justify;\">Seg\u00fan las fuentes, los sospechosos abandonaron el C3 y siguieron la fuga a pie, pero dos de ellos fueron detenidos por los efectivos en colaboraci\u00f3n con sus pares de la Polic\u00eda Federal. Mientras que el tercer delincuente escap\u00f3 del lugar a la carrera.<\/p>\n<p style=\"text-align: justify;\">En poder de los detenidos, los pesquisas secuestraron una pistola 9 mil\u00edmetros y otra calibre 3.80. En tanto, los investigadores procuraban determinar si el auto de los apresados era robado ya que la chapa patente no pertenece a ese veh\u00edculo.<\/p>\n","protected":false},"excerpt":{"rendered":"<p>El hecho se inici\u00f3 en la avenida Mitre, en inmediaciones de Villa Tranquila, en Avellaneda donde efectivos policiales quisieron identificar a los tres ocupantes de un Citro\u00ebn C3 Picasso que transitaba de manera sospechosa. Al negarse escaparon y fueron apresados en la Capital Federal. Fuentes policiales informaron que al advertir la presencia de los efectivos&hellip;<\/p>\n","protected":false},"author":1,"featured_media":0,"comment_status":"open","ping_status":"open","sticky":false,"template":"","format":"standard","meta":{"footnotes":""},"categories":[22],"tags":[296,749,958,1466,1677,1796],"class_list":["post-22560","post","type-post","status-publish","format-standard","hentry","category-policiales","tag-capital-federal","tag-policia-bonaerense","tag-policia-federal","tag-provincia-de-buenos-aires","tag-san-telmo","tag-villa-tranquila"],"_links":{"self":[{"href":"https:\/\/www.elsindical.com.ar\/notas\/wp-json\/wp\/v2\/posts\/22560","targetHints":{"allow":["GET"]}}],"collection":[{"href":"https:\/\/www.elsindical.com.ar\/notas\/wp-json\/wp\/v2\/posts"}],"about":[{"href":"https:\/\/www.elsindical.com.ar\/notas\/wp-json\/wp\/v2\/types\/post"}],"author":[{"embeddable":true,"href":"https:\/\/www.elsindical.com.ar\/notas\/wp-json\/wp\/v2\/users\/1"}],"replies":[{"embeddable":true,"href":"https:\/\/www.elsindical.com.ar\/notas\/wp-json\/wp\/v2\/comments?post=22560"}],"version-history":[{"count":2,"href":"https:\/\/www.elsindical.com.ar\/notas\/wp-json\/wp\/v2\/posts\/22560\/revisions"}],"predecessor-version":[{"id":22563,"href":"https:\/\/www.elsindical.com.ar\/notas\/wp-json\/wp\/v2\/posts\/22560\/revisions\/22563"}],"wp:attachment":[{"href":"https:\/\/www.elsindical.com.ar\/notas\/wp-json\/wp\/v2\/media?parent=22560"}],"wp:term":[{"taxonomy":"category","embeddable":true,"href":"https:\/\/www.elsindical.com.ar\/notas\/wp-json\/wp\/v2\/categories?post=22560"},{"taxonomy":"post_tag","embeddable":true,"href":"https:\/\/www.elsindical.com.ar\/notas\/wp-json\/wp\/v2\/tags?post=22560"}],"curies":[{"name":"wp","href":"https:\/\/api.w.org\/{rel}","templated":true}]}}