{"id":22503,"date":"2012-03-27T11:36:54","date_gmt":"2012-03-27T14:36:54","guid":{"rendered":"http:\/\/www.elsindical.com.ar\/notas\/?p=22503"},"modified":"2012-03-27T11:36:54","modified_gmt":"2012-03-27T14:36:54","slug":"chubutasesinan-a-testigo-en-causa-que-investiga-a-policias-de-trelew-en-violacion-de-un-menor","status":"publish","type":"post","link":"https:\/\/www.elsindical.com.ar\/notas\/chubutasesinan-a-testigo-en-causa-que-investiga-a-policias-de-trelew-en-violacion-de-un-menor\/","title":{"rendered":"Chubut:Asesinan a testigo en causa que investiga a polic\u00edas de Trelew en violaci\u00f3n de un menor"},"content":{"rendered":"<p style=\"text-align: justify;\"><em><a href=\"http:\/\/www.elsindical.com.ar\/notas\/var\/www\/html\/notas\/wp-content\/uploads\/2012\/03\/comisar\u00eda-abuso-a-menor.jpg\"><img loading=\"lazy\" decoding=\"async\" class=\"alignleft size-medium wp-image-22504\" title=\"comisar\u00eda-abuso-a-menor\" src=\"http:\/\/www.elsindical.com.ar\/notas\/var\/www\/html\/notas\/wp-content\/uploads\/2012\/03\/comisar\u00eda-abuso-a-menor-300x168.jpg\" alt=\"\" width=\"300\" height=\"168\" srcset=\"https:\/\/www.elsindical.com.ar\/notas\/var\/www\/html\/notas\/wp-content\/uploads\/2012\/03\/comisar\u00eda-abuso-a-menor-300x168.jpg 300w, https:\/\/www.elsindical.com.ar\/notas\/var\/www\/html\/notas\/wp-content\/uploads\/2012\/03\/comisar\u00eda-abuso-a-menor.jpg 413w\" sizes=\"auto, (max-width: 300px) 100vw, 300px\" \/><\/a>Se trata de un joven de 22 a\u00f1os que hab\u00eda sido reubicado en otra provincia por protecci\u00f3n. Su testimonio era clave en la causa contra efectivos de una comisar\u00eda acusados de violar a un adolescente. Hab\u00eda vuelto a su ciudad a renovar el DNI.<\/em><\/p>\n<p style=\"text-align: justify;\">Un joven de 22 a\u00f1os, testigo protegido en la causa por el presunto abuso sexual de un adolescente en una comisar\u00eda de Trelew, Chubut, fue asesinado a pu\u00f1aladas en la madrugada de ayer.<\/p>\n<p style=\"text-align: justify;\">El joven hab\u00eda sido reubicado en otra provincia por orden de la Justicia de Chubut. Su testimonio era fundamental en la causa que se sigue contra nueve polic\u00edas de la comisar\u00eda seguda de Trelew, quienes est\u00e1n acusados de haber violado a un chico de 16 a\u00f1os al que hab\u00edan detenido.<\/p>\n<p style=\"text-align: justify;\">La muerte del testigo fue confirmada al diario Jornada por Sergio Rey, el abogado del adolescente que denunci\u00f3 que fue abusado en la seccional.<\/p>\n<p style=\"text-align: justify;\">Rey revel\u00f3 que el joven, identificado como Bruno Rodr\u00edguez,\u00a0recibi\u00f3 tres pu\u00f1aladas ayer por la madrugada y muri\u00f3 horas despu\u00e9s, en un hospital de Trelew. Hab\u00eda regresado a Chubut por pocos d\u00edas, ya que deb\u00eda tramitar su documento de identidad. Luego regresar\u00eda a la provincia a donde hab\u00eda sido trasladado por protecci\u00f3n.<\/p>\n<p style=\"text-align: justify;\">El abogado explic\u00f3 que el testigo muri\u00f3 sin poder decir qui\u00e9n lo hab\u00eda atacado, ya que se encontraba inconsciente.<\/p>\n<p style=\"text-align: justify;\">Si bien Rey precis\u00f3 que hasta el momento no hay sospechosos por el crimen del testigo, asegur\u00f3 que agiliza los tr\u00e1mites para sacar de Chubut al adolescente que acus\u00f3 a los polic\u00edas de haberlo violado.<\/p>\n<p style=\"text-align: justify;\">El 18 de enero pasado, un chico de 16 a\u00f1os fue detenido por polic\u00edas de la seccional segunda de Trelew. Lo hab\u00edan acusado \u2013mediante una denuncia an\u00f3nima- de agredir y golpear a su novia en la calle.<\/p>\n<p style=\"text-align: justify;\">El chico fue apresado y llevado a la comisar\u00eda, donde \u2013seg\u00fan denunci\u00f3 d\u00edas despu\u00e9s su familia- fue golpeado y violado por varios polic\u00edas. Los estudios forenses practicados al adolescente confirmaron el abuso. Poco despu\u00e9s, la Justicia orden\u00f3 la detenci\u00f3n de los efectivos que ese d\u00eda estuvieron en la seccional y el gobernador Mart\u00edn Buzzi ech\u00f3 al jefe de la Polic\u00eda provincial.<\/p>\n","protected":false},"excerpt":{"rendered":"<p>Se trata de un joven de 22 a\u00f1os que hab\u00eda sido reubicado en otra provincia por protecci\u00f3n. Su testimonio era clave en la causa contra efectivos de una comisar\u00eda acusados de violar a un adolescente. Hab\u00eda vuelto a su ciudad a renovar el DNI. Un joven de 22 a\u00f1os, testigo protegido en la causa por&hellip;<\/p>\n","protected":false},"author":1,"featured_media":0,"comment_status":"open","ping_status":"open","sticky":false,"template":"","format":"standard","meta":{"footnotes":""},"categories":[22],"tags":[501,363,10805,886,175,30,10804,1188,10138,271],"class_list":["post-22503","post","type-post","status-publish","format-standard","hentry","category-policiales","tag-abogado","tag-asesinato","tag-bruno-rodriguez","tag-chubut","tag-denuncia","tag-policia","tag-sergio-rey","tag-testigo","tag-trelew","tag-violacion"],"_links":{"self":[{"href":"https:\/\/www.elsindical.com.ar\/notas\/wp-json\/wp\/v2\/posts\/22503","targetHints":{"allow":["GET"]}}],"collection":[{"href":"https:\/\/www.elsindical.com.ar\/notas\/wp-json\/wp\/v2\/posts"}],"about":[{"href":"https:\/\/www.elsindical.com.ar\/notas\/wp-json\/wp\/v2\/types\/post"}],"author":[{"embeddable":true,"href":"https:\/\/www.elsindical.com.ar\/notas\/wp-json\/wp\/v2\/users\/1"}],"replies":[{"embeddable":true,"href":"https:\/\/www.elsindical.com.ar\/notas\/wp-json\/wp\/v2\/comments?post=22503"}],"version-history":[{"count":1,"href":"https:\/\/www.elsindical.com.ar\/notas\/wp-json\/wp\/v2\/posts\/22503\/revisions"}],"predecessor-version":[{"id":22505,"href":"https:\/\/www.elsindical.com.ar\/notas\/wp-json\/wp\/v2\/posts\/22503\/revisions\/22505"}],"wp:attachment":[{"href":"https:\/\/www.elsindical.com.ar\/notas\/wp-json\/wp\/v2\/media?parent=22503"}],"wp:term":[{"taxonomy":"category","embeddable":true,"href":"https:\/\/www.elsindical.com.ar\/notas\/wp-json\/wp\/v2\/categories?post=22503"},{"taxonomy":"post_tag","embeddable":true,"href":"https:\/\/www.elsindical.com.ar\/notas\/wp-json\/wp\/v2\/tags?post=22503"}],"curies":[{"name":"wp","href":"https:\/\/api.w.org\/{rel}","templated":true}]}}