{"id":22456,"date":"2012-03-25T16:44:41","date_gmt":"2012-03-25T19:44:41","guid":{"rendered":"http:\/\/www.elsindical.com.ar\/notas\/?p=22456"},"modified":"2012-03-25T16:44:41","modified_gmt":"2012-03-25T19:44:41","slug":"la-matanzadelincuente-se-suicida-al-ser-perseguido-y-rodeado-por-la-policia","status":"publish","type":"post","link":"https:\/\/www.elsindical.com.ar\/notas\/la-matanzadelincuente-se-suicida-al-ser-perseguido-y-rodeado-por-la-policia\/","title":{"rendered":"La Matanza:Delincuente se suicida al ser perseguido y rodeado por la polic\u00eda"},"content":{"rendered":"<p style=\"text-align: justify;\"><em><a href=\"http:\/\/www.elsindical.com.ar\/notas\/var\/www\/html\/notas\/wp-content\/uploads\/2010\/06\/patrulla-bonaerense-gen\u00e9ric.jpg\"><img loading=\"lazy\" decoding=\"async\" class=\"alignleft size-medium wp-image-7341\" title=\"patrulla-bonaerense-gen\u00e9ric\" src=\"http:\/\/www.elsindical.com.ar\/notas\/var\/www\/html\/notas\/wp-content\/uploads\/2010\/06\/patrulla-bonaerense-gen\u00e9ric-300x112.jpg\" alt=\"\" width=\"300\" height=\"112\" srcset=\"https:\/\/www.elsindical.com.ar\/notas\/var\/www\/html\/notas\/wp-content\/uploads\/2010\/06\/patrulla-bonaerense-gen\u00e9ric-300x112.jpg 300w, https:\/\/www.elsindical.com.ar\/notas\/var\/www\/html\/notas\/wp-content\/uploads\/2010\/06\/patrulla-bonaerense-gen\u00e9ric.jpg 325w\" sizes=\"auto, (max-width: 300px) 100vw, 300px\" \/><\/a>En Villa Madero, un ladr\u00f3n de 28 a\u00f1os se suicid\u00f3 efectu\u00e1ndose un tiro en la boca con una pistola, luego de atrincherarse dentro de una vivienda. Los uniformados lo persegu\u00edan porque hab\u00eda pretendido robar una motocicleta.<\/em><\/p>\n<p style=\"text-align: justify;\">Un delincuente, de 28 a\u00f1os, se suicid\u00f3 dispar\u00e1ndose un balazo en la boca al ser rodeado por los efectivos policiales dentro de una vivienda. El dram\u00e1tico suceso se registr\u00f3 en la localidad bonaerense de Villa Madero, en el partido de La Matanza, tras una persecuci\u00f3n que se inici\u00f3 luego de que un marginal intentara apoderarse de una motocicleta en la v\u00eda p\u00fablica.<\/p>\n<p style=\"text-align: justify;\">Los voceros indicaron que los hechos comenzaron cuando el sujeto, quien empu\u00f1aba una pistola 9 mil\u00edmetros, trat\u00f3 de sustraer una motocicleta, pero la maniobra pudo ser advertida por los ocupantes de un patrullero de la comisar\u00eda de Villa Madero. Trascendi\u00f3 que al verse sorprendido, dicho maleante resolvi\u00f3 escapar corriendo. De esta manera, el individuo hizo 5 cuadras y luego se introdujo en una vivienda habitada por una familia, que est\u00e1 situada en el cruce de Coronel Dom\u00ednguez y Primera Junta, del citado distrito, a 100 metros de las v\u00edas del ferrocarril General Manuel Belgrano, y en las inmediaciones del l\u00edmite con la Capital Federal.<\/p>\n<p style=\"text-align: justify;\">El malviviente le manifest\u00f3 a la consternada gente que pensaba quitarse la vida, en caso de que los uniformados de la seccional pretendieran reducirlo para llevarlo detenido. Los moradores del inmueble, atemorizados por esa terrible situaci\u00f3n, consiguieron salir de la finca y dejaron abierta la puerta principal del domicilio, para que entonces el hamp\u00f3n tuviera una vista plena de lo que ocurr\u00eda en la calle. Minutos despu\u00e9s, los servidores p\u00fablicos arribaron a la casa y, ante esta situaci\u00f3n, el delincuente no dud\u00f3 en efectuarse un disparo en la boca, que le provoc\u00f3 la muerte en forma instant\u00e1nea.<\/p>\n<p style=\"text-align: justify;\">El cad\u00e1ver del sujeto qued\u00f3 tendido en un charco de sangre, junto al arma de fuego que portaba. Finalmente, los polic\u00edas comprobaron que el individuo ten\u00eda 28 a\u00f1os y que viv\u00eda en la zona, en el oeste del conurbano provincial. El cuerpo del muchacho fue trasladado a la morgue que se encuentra instalada en jurisdicci\u00f3n de Puente 12, en la localidad de Ciudad Evita. En la causa tomaron intervenci\u00f3n los funcionarios pertenecientes al departamento judicial de La Matanza.<\/p>\n","protected":false},"excerpt":{"rendered":"<p>En Villa Madero, un ladr\u00f3n de 28 a\u00f1os se suicid\u00f3 efectu\u00e1ndose un tiro en la boca con una pistola, luego de atrincherarse dentro de una vivienda. Los uniformados lo persegu\u00edan porque hab\u00eda pretendido robar una motocicleta. Un delincuente, de 28 a\u00f1os, se suicid\u00f3 dispar\u00e1ndose un balazo en la boca al ser rodeado por los efectivos&hellip;<\/p>\n","protected":false},"author":1,"featured_media":0,"comment_status":"open","ping_status":"open","sticky":false,"template":"","format":"standard","meta":{"footnotes":""},"categories":[22],"tags":[387,196,6179,1401,7979,4361,30,522,4444],"class_list":["post-22456","post","type-post","status-publish","format-standard","hentry","category-policiales","tag-arma","tag-delincuente","tag-domicilio","tag-la-matanza","tag-motocicleta","tag-persecucion","tag-policia","tag-suicidio","tag-villa-madero"],"_links":{"self":[{"href":"https:\/\/www.elsindical.com.ar\/notas\/wp-json\/wp\/v2\/posts\/22456","targetHints":{"allow":["GET"]}}],"collection":[{"href":"https:\/\/www.elsindical.com.ar\/notas\/wp-json\/wp\/v2\/posts"}],"about":[{"href":"https:\/\/www.elsindical.com.ar\/notas\/wp-json\/wp\/v2\/types\/post"}],"author":[{"embeddable":true,"href":"https:\/\/www.elsindical.com.ar\/notas\/wp-json\/wp\/v2\/users\/1"}],"replies":[{"embeddable":true,"href":"https:\/\/www.elsindical.com.ar\/notas\/wp-json\/wp\/v2\/comments?post=22456"}],"version-history":[{"count":2,"href":"https:\/\/www.elsindical.com.ar\/notas\/wp-json\/wp\/v2\/posts\/22456\/revisions"}],"predecessor-version":[{"id":22458,"href":"https:\/\/www.elsindical.com.ar\/notas\/wp-json\/wp\/v2\/posts\/22456\/revisions\/22458"}],"wp:attachment":[{"href":"https:\/\/www.elsindical.com.ar\/notas\/wp-json\/wp\/v2\/media?parent=22456"}],"wp:term":[{"taxonomy":"category","embeddable":true,"href":"https:\/\/www.elsindical.com.ar\/notas\/wp-json\/wp\/v2\/categories?post=22456"},{"taxonomy":"post_tag","embeddable":true,"href":"https:\/\/www.elsindical.com.ar\/notas\/wp-json\/wp\/v2\/tags?post=22456"}],"curies":[{"name":"wp","href":"https:\/\/api.w.org\/{rel}","templated":true}]}}