{"id":22418,"date":"2012-03-23T13:58:13","date_gmt":"2012-03-23T16:58:13","guid":{"rendered":"http:\/\/www.elsindical.com.ar\/notas\/?p=22418"},"modified":"2012-03-23T13:58:13","modified_gmt":"2012-03-23T16:58:13","slug":"esteban-echeverriahallan-dos-cadaveres-con-signos-de-ejecucion","status":"publish","type":"post","link":"https:\/\/www.elsindical.com.ar\/notas\/esteban-echeverriahallan-dos-cadaveres-con-signos-de-ejecucion\/","title":{"rendered":"Esteban Echeverr\u00eda:Hallan dos cad\u00e1veres con signos de ejecuci\u00f3n"},"content":{"rendered":"<p style=\"text-align: justify;\"><em><a href=\"http:\/\/www.elsindical.com.ar\/notas\/var\/www\/html\/notas\/wp-content\/uploads\/2009\/10\/patrulla-bonaerense.gif\"><img loading=\"lazy\" decoding=\"async\" class=\"alignleft size-full wp-image-1208\" title=\"patrulla-bonaerense\" src=\"http:\/\/www.elsindical.com.ar\/notas\/var\/www\/html\/notas\/wp-content\/uploads\/2009\/10\/patrulla-bonaerense.gif\" alt=\"\" width=\"200\" height=\"133\" \/><\/a>Los cuerpos estaban ubicados a 30 cuadras de distancia entre s\u00ed en dos predios. Una de las v\u00edctimas ten\u00eda las manos atadas con precintos pl\u00e1sticos, los pies unidos por un cintur\u00f3n; la otra ten\u00eda un balazo en la nuca y p\u00e9rdida de masa encef\u00e1lica. La polic\u00eda cree que fue por ajuste de cuentas o venganza e investiga si los crimenes est\u00e1n relacionados.<\/em><\/p>\n<p style=\"text-align: justify;\">Dos hombres fueron hallados asesinados, uno baleado en la nuca y quemado y el otro con una toalla alrededor de la cabeza herida, en dos predios del partido de Esteban Echeverr\u00eda, ubicados a 30 cuadras de distancia entre s\u00ed, y los investigadores analizaban un posible v\u00ednculo entre ambos cr\u00edmenes.<\/p>\n<p style=\"text-align: justify;\">\u00a0Fuentes policiales informaron que ambos cuerpos fueron encontrados el jueves entre las 05:00 hs.\u00a0y las 06:00 hs., luego de que vecinos de las localidades de Transradio y El Jag\u00fcel se comunicaran con el servicio de alerta 911 para dar aviso a la polic\u00eda.<\/p>\n<p style=\"text-align: justify;\">En el cruce de Barros y Nueva Escocia, en una zona rural de Transradio, los efectivos de la jefatura departamental Almirante Brown encontraron el cad\u00e1ver de un hombre de alrededor de 30 a\u00f1os, atado de pies y manos, asesinado de un disparo en la cabeza y luego prendido fuego en el lugar.<\/p>\n<p style=\"text-align: justify;\">La v\u00edctima ten\u00eda las manos atadas con precintos pl\u00e1sticos, los pies unidos por un cintur\u00f3n y una herida de bala en la nuca, por lo que los investigadores manejan como principal hip\u00f3tesis un ajuste de cuentas.<\/p>\n<p style=\"text-align: justify;\">Seg\u00fan relat\u00f3 un jefe policial, no se encontraron signos de que el homicidio se haya cometido en el lugar del hallazgo, sino que la presunci\u00f3n de los peritos es que los asesinos descartaron el cuerpo all\u00ed y lo incendiaron para borrar posibles huellas.<\/p>\n<p style=\"text-align: justify;\">Por el estado de carbonizaci\u00f3n del cuerpo, los investigadores consideran que ser\u00e1 muy dif\u00edcil identificarla.<\/p>\n<p style=\"text-align: justify;\">En tanto, polic\u00edas de la comisar\u00eda 5ta. de Esteban Echeverr\u00eda encontraron en el cruce de Esqui\u00fa y Gandulfo, de El Jag\u00fcel, el cuerpo un joven de unos 25 a\u00f1os, vestido solamente con una remera y con la cabeza envuelta en una toalla.<\/p>\n<p style=\"text-align: justify;\">Al destaparle la cabeza, los efectivos constataron que ten\u00eda una herida en la nuca con una p\u00e9rdida importante de masa encef\u00e1lica, aunque todav\u00eda no pudieron determinar si fue producida por un objeto inciso cortante como un hacha o por un disparo efectuado a muy corta distancia.<\/p>\n<p style=\"text-align: justify;\">La v\u00edctima, cuya identidad todav\u00eda no fue determinada, ten\u00eda cadenitas de oro y pulseras, por lo que los pesquisas no trabajaban sobre la hip\u00f3tesis de un asalto, sino sobre la de una venganza.<\/p>\n<p style=\"text-align: justify;\">Al igual que en el caso del hombre hallado en Transradio, los investigadores presumen que el de El Jag\u00fcel fue asesinado en otro lugar, le envolvieron la cabeza para no dejar rastros de sangre en el veh\u00edculo en el que lo trasladaron y luego lo arrojaron donde fue encontrado. Es que la v\u00edctima ten\u00eda los pies limpios, aunque el lugar del hallazgo es una zona rural con abundante barro.<\/p>\n<p style=\"text-align: justify;\">Si bien los m\u00e9todos para deshacerse de los cuerpos de las v\u00edctimas fueron diferentes, los investigadores no descartaban que ambos cr\u00edmenes est\u00e9n relacionados entre s\u00ed, dijeron los voceros.<\/p>\n<p style=\"text-align: justify;\">Efectivos de la Direcci\u00f3n Departamental de Investigaciones (DDI) de Esteban Echeverr\u00eda buscaban esta ma\u00f1ana nuevas pistas y testigos en la zona de los hallazgos. Interviene en ambos cr\u00edmenes la Unidad Funcional de Instrucci\u00f3n (UFI) 5 del departamento judicial de Lomas de Zamora, a cargo de Juan Jos\u00e9 Vaello.<\/p>\n","protected":false},"excerpt":{"rendered":"<p>Los cuerpos estaban ubicados a 30 cuadras de distancia entre s\u00ed en dos predios. Una de las v\u00edctimas ten\u00eda las manos atadas con precintos pl\u00e1sticos, los pies unidos por un cintur\u00f3n; la otra ten\u00eda un balazo en la nuca y p\u00e9rdida de masa encef\u00e1lica. La polic\u00eda cree que fue por ajuste de cuentas o venganza&hellip;<\/p>\n","protected":false},"author":1,"featured_media":0,"comment_status":"open","ping_status":"open","sticky":false,"template":"","format":"standard","meta":{"footnotes":""},"categories":[22],"tags":[2832,4209,10774,1776,1905,10775,10776,30,1891,10777],"class_list":["post-22418","post","type-post","status-publish","format-standard","hentry","category-policiales","tag-ajuste-de-cuentas","tag-asesinatos","tag-cadaveres","tag-cuerpos","tag-esteban-echeverria","tag-masa-encefalica","tag-nuca","tag-policia","tag-tiros","tag-toalla"],"_links":{"self":[{"href":"https:\/\/www.elsindical.com.ar\/notas\/wp-json\/wp\/v2\/posts\/22418","targetHints":{"allow":["GET"]}}],"collection":[{"href":"https:\/\/www.elsindical.com.ar\/notas\/wp-json\/wp\/v2\/posts"}],"about":[{"href":"https:\/\/www.elsindical.com.ar\/notas\/wp-json\/wp\/v2\/types\/post"}],"author":[{"embeddable":true,"href":"https:\/\/www.elsindical.com.ar\/notas\/wp-json\/wp\/v2\/users\/1"}],"replies":[{"embeddable":true,"href":"https:\/\/www.elsindical.com.ar\/notas\/wp-json\/wp\/v2\/comments?post=22418"}],"version-history":[{"count":2,"href":"https:\/\/www.elsindical.com.ar\/notas\/wp-json\/wp\/v2\/posts\/22418\/revisions"}],"predecessor-version":[{"id":22420,"href":"https:\/\/www.elsindical.com.ar\/notas\/wp-json\/wp\/v2\/posts\/22418\/revisions\/22420"}],"wp:attachment":[{"href":"https:\/\/www.elsindical.com.ar\/notas\/wp-json\/wp\/v2\/media?parent=22418"}],"wp:term":[{"taxonomy":"category","embeddable":true,"href":"https:\/\/www.elsindical.com.ar\/notas\/wp-json\/wp\/v2\/categories?post=22418"},{"taxonomy":"post_tag","embeddable":true,"href":"https:\/\/www.elsindical.com.ar\/notas\/wp-json\/wp\/v2\/tags?post=22418"}],"curies":[{"name":"wp","href":"https:\/\/api.w.org\/{rel}","templated":true}]}}