{"id":22404,"date":"2012-03-22T14:07:21","date_gmt":"2012-03-22T17:07:21","guid":{"rendered":"http:\/\/www.elsindical.com.ar\/notas\/?p=22404"},"modified":"2012-03-22T14:07:21","modified_gmt":"2012-03-22T17:07:21","slug":"policia-bonaerense-denuncia-persecucion-administrativa","status":"publish","type":"post","link":"https:\/\/www.elsindical.com.ar\/notas\/policia-bonaerense-denuncia-persecucion-administrativa\/","title":{"rendered":"Polic\u00eda bonaerense denuncia persecuci\u00f3n administrativa"},"content":{"rendered":"<p style=\"text-align: justify;\"><em>\u00a0\u00a0 <a href=\"http:\/\/www.elsindical.com.ar\/notas\/var\/www\/html\/notas\/wp-content\/uploads\/2012\/03\/Esteban-Arriada-y-De-Narv\u00e1ez.jpg\"><img loading=\"lazy\" decoding=\"async\" class=\"alignleft size-medium wp-image-22405\" title=\"Esteban-Arriada-y-De-Narv\u00e1ez\" src=\"http:\/\/www.elsindical.com.ar\/notas\/var\/www\/html\/notas\/wp-content\/uploads\/2012\/03\/Esteban-Arriada-y-De-Narv\u00e1ez-300x248.jpg\" alt=\"\" width=\"300\" height=\"248\" srcset=\"https:\/\/www.elsindical.com.ar\/notas\/var\/www\/html\/notas\/wp-content\/uploads\/2012\/03\/Esteban-Arriada-y-De-Narv\u00e1ez-300x248.jpg 300w, https:\/\/www.elsindical.com.ar\/notas\/var\/www\/html\/notas\/wp-content\/uploads\/2012\/03\/Esteban-Arriada-y-De-Narv\u00e1ez.jpg 413w\" sizes=\"auto, (max-width: 300px) 100vw, 300px\" \/><\/a>Un efectivo de la Polic\u00eda Bonaerense, denuncia ser v\u00edctima de una persecuci\u00f3n administrativa, al formar parte de un movimiento denominado Movimiento Policial Democr\u00e1tico y difundir en medios y reuniones pol\u00edticas las malas condiciones de trabajo de los efectivos policiales.<\/em><\/p>\n<p style=\"text-align: justify;\">Esteban Arriada cumple funciones en la comisar\u00eda Sexta de la localidad bonaerense de Quilmes deber\u00e1 declarar ante la Direcci\u00f3n de Asuntos Internos de la fuerza, acusado de hablar con medios de comunicaci\u00f3n en el marco de una protesta laboral de polic\u00edas realizada el 12 de diciembre pasado frente a la Gobernaci\u00f3n.<\/p>\n<p style=\"text-align: justify;\">Esteban Javier Arriada hoy deber\u00e1 declarar en el marco de la acusaci\u00f3n de haber dado una entrevista al diario Hoy de La Plata anunciando una movilizaci\u00f3n por reclamos salariales, seg\u00fan se desprende del sumario ISA 1050-5904\/1211.<\/p>\n<p style=\"text-align: justify;\">Para el ministerio de Seguridad, la conducta del uniformado habr\u00eda \u00abafectado gravemente el prestigio de la instituci\u00f3n y la disciplina\u00bb. Una de las consignas de la protesta fue: \u00abPor la democratizaci\u00f3n de la Polic\u00eda\u00bb.<\/p>\n<p style=\"text-align: justify;\">De la protesta realizada en diciembre pasado, participaron decenas de polic\u00edas, sin embargo, el \u00fanico sumariado fue Arriada. Entre otros puntos, le endilgan haber pedido permiso de estudio para rendir un ex\u00e1men (estudia la carrera de Seguridad P\u00fablica en la Universidad Cat\u00f3lica de La Plata) y fue visto en la marcha que comenz\u00f3 en el ministerio de Seguridad y Justicia provincial y finaliz\u00f3 en Plaza San Mart\u00edn.<\/p>\n<p style=\"text-align: justify;\">El Sargento es integrante del Movimiento Policial Democr\u00e1tico, organismo que comparte las posturas en materia de Seguridad y Justicia que se plantean desde el Gobierno Nacional, quienes pregonan el uso de la fuerza m\u00ednima necesaria y el respeto por los Derechos Humanos, contraria a las que se aplican en la provincia de Buenos Aires, donde se insiste con la mano dura, la represi\u00f3n y el aumento de penas, recetas ya probadas cuyos resultados no fueron los esperados.<\/p>\n","protected":false},"excerpt":{"rendered":"<p>\u00a0\u00a0 Un efectivo de la Polic\u00eda Bonaerense, denuncia ser v\u00edctima de una persecuci\u00f3n administrativa, al formar parte de un movimiento denominado Movimiento Policial Democr\u00e1tico y difundir en medios y reuniones pol\u00edticas las malas condiciones de trabajo de los efectivos policiales. Esteban Arriada cumple funciones en la comisar\u00eda Sexta de la localidad bonaerense de Quilmes deber\u00e1&hellip;<\/p>\n","protected":false},"author":1,"featured_media":0,"comment_status":"open","ping_status":"open","sticky":false,"template":"","format":"standard","meta":{"footnotes":""},"categories":[6],"tags":[1476,10771,10772,684,3056,5796],"class_list":["post-22404","post","type-post","status-publish","format-standard","hentry","category-denuncias","tag-asuntos-internos","tag-esteban-javier-arriada","tag-movimiento-policial-democratico","tag-quilmes","tag-sanciones","tag-sumario"],"_links":{"self":[{"href":"https:\/\/www.elsindical.com.ar\/notas\/wp-json\/wp\/v2\/posts\/22404","targetHints":{"allow":["GET"]}}],"collection":[{"href":"https:\/\/www.elsindical.com.ar\/notas\/wp-json\/wp\/v2\/posts"}],"about":[{"href":"https:\/\/www.elsindical.com.ar\/notas\/wp-json\/wp\/v2\/types\/post"}],"author":[{"embeddable":true,"href":"https:\/\/www.elsindical.com.ar\/notas\/wp-json\/wp\/v2\/users\/1"}],"replies":[{"embeddable":true,"href":"https:\/\/www.elsindical.com.ar\/notas\/wp-json\/wp\/v2\/comments?post=22404"}],"version-history":[{"count":1,"href":"https:\/\/www.elsindical.com.ar\/notas\/wp-json\/wp\/v2\/posts\/22404\/revisions"}],"predecessor-version":[{"id":22406,"href":"https:\/\/www.elsindical.com.ar\/notas\/wp-json\/wp\/v2\/posts\/22404\/revisions\/22406"}],"wp:attachment":[{"href":"https:\/\/www.elsindical.com.ar\/notas\/wp-json\/wp\/v2\/media?parent=22404"}],"wp:term":[{"taxonomy":"category","embeddable":true,"href":"https:\/\/www.elsindical.com.ar\/notas\/wp-json\/wp\/v2\/categories?post=22404"},{"taxonomy":"post_tag","embeddable":true,"href":"https:\/\/www.elsindical.com.ar\/notas\/wp-json\/wp\/v2\/tags?post=22404"}],"curies":[{"name":"wp","href":"https:\/\/api.w.org\/{rel}","templated":true}]}}