{"id":22401,"date":"2012-03-22T11:17:11","date_gmt":"2012-03-22T14:17:11","guid":{"rendered":"http:\/\/www.elsindical.com.ar\/notas\/?p=22401"},"modified":"2017-05-26T09:49:32","modified_gmt":"2017-05-26T12:49:32","slug":"se-trata-de-la-19-caravana-y-megafestival-de-los-taxistas-y-famosos-a-total","status":"publish","type":"post","link":"https:\/\/www.elsindical.com.ar\/notas\/se-trata-de-la-19-caravana-y-megafestival-de-los-taxistas-y-famosos-a-total\/","title":{"rendered":"Se trata de la 19\u00b0 Caravana y Megafestival de los taxistas y famosos a total"},"content":{"rendered":"<p style=\"text-align: justify;\"><a href=\"http:\/\/www.elsindical.com.ar\/notas\/var\/www\/html\/notas\/wp-content\/uploads\/2012\/03\/cruzada-solidaria-Hosp.jpg\"><img loading=\"lazy\" decoding=\"async\" class=\"alignleft size-medium wp-image-22402\" title=\"cruzada-solidaria-Hosp\" src=\"http:\/\/www.elsindical.com.ar\/notas\/var\/www\/html\/notas\/wp-content\/uploads\/2012\/03\/cruzada-solidaria-Hosp-300x200.jpg\" alt=\"\" width=\"300\" height=\"200\" srcset=\"https:\/\/www.elsindical.com.ar\/notas\/var\/www\/html\/notas\/wp-content\/uploads\/2012\/03\/cruzada-solidaria-Hosp-300x200.jpg 300w, https:\/\/www.elsindical.com.ar\/notas\/var\/www\/html\/notas\/wp-content\/uploads\/2012\/03\/cruzada-solidaria-Hosp.jpg 413w\" sizes=\"auto, (max-width: 300px) 100vw, 300px\" \/><\/a>SE VIENE LA GRAN CRUZADA SOLIDARIA<br \/>\nPOR LOS CHICOS DEL HOSPITAL GUTI\u00c9RREZ<\/p>\n<p>Domingo 6 de mayo<\/p>\n<p>Con el objeto recaudar fondos destinados a optimizar los procesos de prevenci\u00f3n, diagn\u00f3stico, tratamiento m\u00e9dico y compartir una jornada de alegr\u00eda con los 330 bajitos internados, los integrantes de la Asociaci\u00f3n Mutual Conductores de Automotores (AMCA) preparan la 19\u00b0 edici\u00f3n de la Caravana y Megafestival Solidario, a total beneficio del Hospital de Ni\u00f1os \u201cDr. Ricardo Guti\u00e9rrez\u201d.<\/p>\n<p>En esta ocasi\u00f3n, el multitudinario evento, que re\u00fane a m\u00e1s de 9500 taxistas, remiseros y conductores de veh\u00edculos particulares de todo el pa\u00eds, se realizar\u00e1 el domingo 6 de mayo en la entrada del nosocomio infantil de 137 a\u00f1os de vida, sito en Gallo 1330, Capital Federal.<\/p>\n<p>Para ello y como es habitual, se contar\u00e1 con las presencias de los padrinos Karina Rabolini, Ricky Maravilla y m\u00e1s de 100 figuras del ambiente art\u00edstico, deportivo y cultural, quienes ingresar\u00e1n por la \u201calfombra verde solidaria\u201d, ser\u00e1n designados \u201cEmbajadores de Pabellones\u201d, repartir\u00e1n juguetes y dejar\u00e1n las huellas de sus manos en las paredes del hospital, que atiende a m\u00e1s de 524.000 ni\u00f1os del territorio nacional, en forma ambulatoria.<\/p>\n<p>Simult\u00e1neamente, en un escenario, que se montar\u00e1 en la puerta misma del Hospital Guti\u00e9rrez, habr\u00e1 shows art\u00edsticos y musicales, con solistas y bandas nacionales renombradas, que se podr\u00e1n escuchar con entrada libre y gratuita.<\/p>\n<p>Gracias a este Megafestival solidario, se ha logrado la construcci\u00f3n del Hospital de D\u00eda Polivalente, refrigeraci\u00f3n de la Unidad Respiratoria, compra de Electro Bistur\u00ed Laser, tom\u00f3grafos computados y Biblioteca Interactiva, entre otros objetivos.<\/p>\n<p>Para las personas o entidades que deseen realizar donaciones, deben dirigirse a la Cooperadora del Hospital \u201cDr. Ricardo Guti\u00e9rrez\u201d, a los tel\u00e9fonos 4962.7739 y 4962.2587 o al mail: &lt;mailto:<a href=\"\/webmail\/src\/compose.php?send_to=coop_hospitalninos%40fibertel.com.ar\">coop_hospitalninos@fibertel.com.ar<\/a>&gt; <a href=\"\/webmail\/src\/compose.php?send_to=coop_hospitalninos%40fibertel.com.ar\">coop_hospitalninos@fibertel.com.ar<\/a>, de lunes a viernes, de 8 a 13 y de 14 a 17 horas.<\/p>\n<p>Si desean m\u00e1s informaci\u00f3n, comunicarse con la Lic. Luc\u00eda Vera al (011) 154.145.2777 o al (011) 5861-8031 y por mail a: <a href=\"\/webmail\/src\/compose.php?send_to=lvera%40amca.org.ar\">lvera@amca.org.ar<\/a><\/p>\n<p>AGRADECEMOS DIFUSI\u00d3N DEL MEGAEVENTO SOLIDARIO<\/p>\n<p>Hospital de Ni\u00f1os \u201cDr. Ricardo Guti\u00e9rrez\u201d<br \/>\nColaborador prensa: Juan Ignacio Penlowskyj<br \/>\nTel\u00e9fono: (011) 155-709-0729<br \/>\nMail:\u00a0 &lt;mailto:<a href=\"\/webmail\/src\/compose.php?send_to=juan.ignacio.penlowskyj%40gmail.com\">juan.ignacio.penlowskyj@gmail.com<\/a>&gt; <a href=\"\/webmail\/src\/compose.php?send_to=juan.ignacio.penlowskyj%40gmail.com\">juan.ignacio.penlowskyj@gmail.com<\/a><\/p>\n","protected":false},"excerpt":{"rendered":"<p>SE VIENE LA GRAN CRUZADA SOLIDARIA POR LOS CHICOS DEL HOSPITAL GUTI\u00c9RREZ Domingo 6 de mayo Con el objeto recaudar fondos destinados a optimizar los procesos de prevenci\u00f3n, diagn\u00f3stico, tratamiento m\u00e9dico y compartir una jornada de alegr\u00eda con los 330 bajitos internados, los integrantes de la Asociaci\u00f3n Mutual Conductores de Automotores (AMCA) preparan la 19\u00b0&hellip;<\/p>\n","protected":false},"author":1,"featured_media":0,"comment_status":"open","ping_status":"open","sticky":false,"template":"","format":"standard","meta":{"footnotes":""},"categories":[25],"tags":[2849,10769,2851,10770,1221],"class_list":["post-22401","post","type-post","status-publish","format-standard","hentry","category-sociedad","tag-amca","tag-cruzada-solidaria","tag-famosos","tag-hospital-dr-ricardo-gutierrez","tag-taxistas"],"_links":{"self":[{"href":"https:\/\/www.elsindical.com.ar\/notas\/wp-json\/wp\/v2\/posts\/22401","targetHints":{"allow":["GET"]}}],"collection":[{"href":"https:\/\/www.elsindical.com.ar\/notas\/wp-json\/wp\/v2\/posts"}],"about":[{"href":"https:\/\/www.elsindical.com.ar\/notas\/wp-json\/wp\/v2\/types\/post"}],"author":[{"embeddable":true,"href":"https:\/\/www.elsindical.com.ar\/notas\/wp-json\/wp\/v2\/users\/1"}],"replies":[{"embeddable":true,"href":"https:\/\/www.elsindical.com.ar\/notas\/wp-json\/wp\/v2\/comments?post=22401"}],"version-history":[{"count":1,"href":"https:\/\/www.elsindical.com.ar\/notas\/wp-json\/wp\/v2\/posts\/22401\/revisions"}],"predecessor-version":[{"id":22403,"href":"https:\/\/www.elsindical.com.ar\/notas\/wp-json\/wp\/v2\/posts\/22401\/revisions\/22403"}],"wp:attachment":[{"href":"https:\/\/www.elsindical.com.ar\/notas\/wp-json\/wp\/v2\/media?parent=22401"}],"wp:term":[{"taxonomy":"category","embeddable":true,"href":"https:\/\/www.elsindical.com.ar\/notas\/wp-json\/wp\/v2\/categories?post=22401"},{"taxonomy":"post_tag","embeddable":true,"href":"https:\/\/www.elsindical.com.ar\/notas\/wp-json\/wp\/v2\/tags?post=22401"}],"curies":[{"name":"wp","href":"https:\/\/api.w.org\/{rel}","templated":true}]}}