{"id":22398,"date":"2012-03-22T10:56:28","date_gmt":"2012-03-22T13:56:28","guid":{"rendered":"http:\/\/www.elsindical.com.ar\/notas\/?p=22398"},"modified":"2012-03-22T10:56:28","modified_gmt":"2012-03-22T13:56:28","slug":"el-estupido-hijo-de-charly-garcia-le-pego-al-padre-de-lucas-porque-no-podia-dormir-por-el-ruido","status":"publish","type":"post","link":"https:\/\/www.elsindical.com.ar\/notas\/el-estupido-hijo-de-charly-garcia-le-pego-al-padre-de-lucas-porque-no-podia-dormir-por-el-ruido\/","title":{"rendered":"El est\u00fapido hijo de \u00abCharly\u00bb Garc\u00eda le peg\u00f3 al padre de Lucas porque no pod\u00eda dormir por el ruido"},"content":{"rendered":"<p style=\"text-align: justify;\"><em><a href=\"http:\/\/www.elsindical.com.ar\/notas\/var\/www\/html\/notas\/wp-content\/uploads\/2012\/03\/est\u00fapido-hijo-de-Charly-Garc\u00eda.jpg\"><img loading=\"lazy\" decoding=\"async\" class=\"alignleft size-medium wp-image-22399\" title=\"est\u00fapido-hijo-de-Charly-Garc\u00eda\" src=\"http:\/\/www.elsindical.com.ar\/notas\/var\/www\/html\/notas\/wp-content\/uploads\/2012\/03\/est\u00fapido-hijo-de-Charly-Garc\u00eda-300x183.jpg\" alt=\"\" width=\"300\" height=\"183\" srcset=\"https:\/\/www.elsindical.com.ar\/notas\/var\/www\/html\/notas\/wp-content\/uploads\/2012\/03\/est\u00fapido-hijo-de-Charly-Garc\u00eda-300x183.jpg 300w, https:\/\/www.elsindical.com.ar\/notas\/var\/www\/html\/notas\/wp-content\/uploads\/2012\/03\/est\u00fapido-hijo-de-Charly-Garc\u00eda.jpg 413w\" sizes=\"auto, (max-width: 300px) 100vw, 300px\" \/><\/a>Paolo Menghini, padre de una de las 51 v\u00edctimas mortales de la tragedia de Once, asegur\u00f3 hoy que el \u00abbocinazo\u00bb y \u00abruidazo\u00bb que se realiz\u00f3 en distintos puntos de esta capital, a un mes del accidente, fue \u00abimpresionante\u00bb.<\/em><\/p>\n<p style=\"text-align: justify;\">\u00abEstoy desbordado, es una energ\u00eda indescriptible\u00bb, manifest\u00f3 el padre de Lucas Menghini Rey, quien encabez\u00f3 la protesta en la esquina de Santa Fe y Coronel D\u00edaz, donde con un meg\u00e1fono en mano alentaba a los automovilistas a que tocaran bocina.<\/p>\n<p style=\"text-align: justify;\">\u00a0Adem\u00e1s coment\u00f3 que el \u201chijo de Charly Garc\u00eda baj\u00f3 porque le molestaban los ru\u00eddos\u201d pero no quiero \u201cpolemizar con esto\u201d es un hecho menor relat\u00f3 Paolo.<\/p>\n<p style=\"text-align: justify;\">En declaraciones a la prensa, se\u00f1al\u00f3 que fue \u00abimpresionante\u00bb y agreg\u00f3: \u00abEstoy absolutamente conmovido, es indescriptible lo que pas\u00f3, estoy temblando\u00bb.<\/p>\n<p style=\"text-align: justify;\">Migue Garc\u00eda, parece tener una memoria selectiva, olvidando los ruidos y los da\u00f1os que ha producido durante a\u00f1os en el barrio, molestando y alterando la tranquilidad del lugar.<\/p>\n","protected":false},"excerpt":{"rendered":"<p>Paolo Menghini, padre de una de las 51 v\u00edctimas mortales de la tragedia de Once, asegur\u00f3 hoy que el \u00abbocinazo\u00bb y \u00abruidazo\u00bb que se realiz\u00f3 en distintos puntos de esta capital, a un mes del accidente, fue \u00abimpresionante\u00bb. \u00abEstoy desbordado, es una energ\u00eda indescriptible\u00bb, manifest\u00f3 el padre de Lucas Menghini Rey, quien encabez\u00f3 la protesta&hellip;<\/p>\n","protected":false},"author":1,"featured_media":0,"comment_status":"open","ping_status":"open","sticky":false,"template":"","format":"standard","meta":{"footnotes":""},"categories":[25],"tags":[10767,717,10439,10768,10765,512],"class_list":["post-22398","post","type-post","status-publish","format-standard","hentry","category-sociedad","tag-bocinazo","tag-charly-garcia","tag-lucas-menghini-rey","tag-migue-garcia","tag-paolo-menghini","tag-reclamo"],"_links":{"self":[{"href":"https:\/\/www.elsindical.com.ar\/notas\/wp-json\/wp\/v2\/posts\/22398","targetHints":{"allow":["GET"]}}],"collection":[{"href":"https:\/\/www.elsindical.com.ar\/notas\/wp-json\/wp\/v2\/posts"}],"about":[{"href":"https:\/\/www.elsindical.com.ar\/notas\/wp-json\/wp\/v2\/types\/post"}],"author":[{"embeddable":true,"href":"https:\/\/www.elsindical.com.ar\/notas\/wp-json\/wp\/v2\/users\/1"}],"replies":[{"embeddable":true,"href":"https:\/\/www.elsindical.com.ar\/notas\/wp-json\/wp\/v2\/comments?post=22398"}],"version-history":[{"count":1,"href":"https:\/\/www.elsindical.com.ar\/notas\/wp-json\/wp\/v2\/posts\/22398\/revisions"}],"predecessor-version":[{"id":22400,"href":"https:\/\/www.elsindical.com.ar\/notas\/wp-json\/wp\/v2\/posts\/22398\/revisions\/22400"}],"wp:attachment":[{"href":"https:\/\/www.elsindical.com.ar\/notas\/wp-json\/wp\/v2\/media?parent=22398"}],"wp:term":[{"taxonomy":"category","embeddable":true,"href":"https:\/\/www.elsindical.com.ar\/notas\/wp-json\/wp\/v2\/categories?post=22398"},{"taxonomy":"post_tag","embeddable":true,"href":"https:\/\/www.elsindical.com.ar\/notas\/wp-json\/wp\/v2\/tags?post=22398"}],"curies":[{"name":"wp","href":"https:\/\/api.w.org\/{rel}","templated":true}]}}