{"id":22262,"date":"2012-03-19T15:09:49","date_gmt":"2012-03-19T18:09:49","guid":{"rendered":"http:\/\/www.elsindical.com.ar\/notas\/?p=22262"},"modified":"2012-03-19T15:09:49","modified_gmt":"2012-03-19T18:09:49","slug":"palermomatan-a-dos-hombres-a-metros-del-hipodromo","status":"publish","type":"post","link":"https:\/\/www.elsindical.com.ar\/notas\/palermomatan-a-dos-hombres-a-metros-del-hipodromo\/","title":{"rendered":"Palermo:Matan a dos hombres a metros del hip\u00f3dromo"},"content":{"rendered":"<p style=\"text-align: justify;\"><em><a href=\"http:\/\/www.elsindical.com.ar\/notas\/var\/www\/html\/notas\/wp-content\/uploads\/2012\/03\/patrullero-bosques-de-Palermo.jpg\"><img loading=\"lazy\" decoding=\"async\" class=\"alignleft size-medium wp-image-22263\" title=\"patrullero-bosques-de-Palermo\" src=\"http:\/\/www.elsindical.com.ar\/notas\/var\/www\/html\/notas\/wp-content\/uploads\/2012\/03\/patrullero-bosques-de-Palermo-300x208.jpg\" alt=\"\" width=\"300\" height=\"208\" srcset=\"https:\/\/www.elsindical.com.ar\/notas\/var\/www\/html\/notas\/wp-content\/uploads\/2012\/03\/patrullero-bosques-de-Palermo-300x208.jpg 300w, https:\/\/www.elsindical.com.ar\/notas\/var\/www\/html\/notas\/wp-content\/uploads\/2012\/03\/patrullero-bosques-de-Palermo.jpg 413w\" sizes=\"auto, (max-width: 300px) 100vw, 300px\" \/><\/a>Las v\u00edctimas aparecieron tiradas en la v\u00eda p\u00fablica, a 70 metros de distancia, una en Dorrego y Libertador y otra en Figueroa Alcorta y Guerrico. Integrantes de la comisar\u00eda 51 investigaban las causas del doble crimen.<\/em><\/p>\n<p style=\"text-align: justify;\">Dos j\u00f3venes fueron encontrados muertos hoy, uno de ellos a pu\u00f1aladas y el otro de un balazo, en proximidades de los bosques de Palermo, y los investigadores intentan determinar si los cr\u00edmenes ocurrieron durante una pelea entre ellos o si intervino alguna otra persona.<\/p>\n<p style=\"text-align: justify;\">Fuentes policiales dijeron que al menos uno de los fallecidos es un vendedor ambulante que era conocido en la zona de Palermo por ofrecer DVD grabados con pel\u00edculas y con videojuegos, y el otro es un joven que a\u00fan no pudo ser identificado.<\/p>\n<p style=\"text-align: justify;\">Seg\u00fan los voceros policiales, uno de los j\u00f3venes fue hallado en Figueroa Alcorta e Intendente Guerrico, a metros de la sede del club Gimnasia y Esgrima de Buenos Aires (GEBA), y el otro a unos 100 metros de all\u00ed.<\/p>\n<p style=\"text-align: justify;\">La polic\u00eda lleg\u00f3 al lugar a ra\u00edz de un llamado al tel\u00e9fono de emergencias 911 por parte de una persona que caminaba por el Parque Tres de Febrero y vio el cuerpo de una de las v\u00edctimas.<\/p>\n<p style=\"text-align: justify;\">Efectivos de la comisar\u00eda 51a. se dirigieron al lugar y alertaron al SAME, aunque los m\u00e9dicos que llegaron determinaron que ambas v\u00edctimas ya estaban fallecidas, y dijeron que una de ellas presentaba heridas de arma blanca en distintas partes del cuerpo y la otra un balazo a la altura del t\u00f3rax.<\/p>\n<p style=\"text-align: justify;\">Seg\u00fan la polic\u00eda, uno de los fallecidos ten\u00eda su mochila puesta y dentro de ella fueron encontradas varios DVD con pel\u00edculas grabadas, como as\u00ed tambi\u00e9n una billetera con dinero y un tel\u00e9fono celular.<\/p>\n<p style=\"text-align: justify;\">De acuerdo al relato de testigos, se tratar\u00eda de un vendedor ambulante que habitualmente ofrec\u00eda esos DVD.<\/p>\n<p style=\"text-align: justify;\">En tanto, el otro cuerpo fue encontrado a unos 100 metros de distancia y los investigadores a\u00fan no pudieron identificarlo.<\/p>\n<p style=\"text-align: justify;\">Los pesquisas creen que las muertes pudieron haberse producido durante una pelea entre las dos v\u00edctimas, o que pudo haber intervenido al menos una tercera personal que asesin\u00f3 a ambos.<\/p>\n<p style=\"text-align: justify;\">Es que a\u00fan la polic\u00eda no encontr\u00f3 ni el arma blanca ni el arma de fuego con que se cometieron los asesinatos, por lo que esta tarde realizaban un intenso rastrillaje por el parque.<\/p>\n<p style=\"text-align: justify;\">El hecho es investigado por personal de la comisar\u00eda 51a. y por un fiscal de instrucci\u00f3n porte\u00f1o de turno.<\/p>\n","protected":false},"excerpt":{"rendered":"<p>Las v\u00edctimas aparecieron tiradas en la v\u00eda p\u00fablica, a 70 metros de distancia, una en Dorrego y Libertador y otra en Figueroa Alcorta y Guerrico. Integrantes de la comisar\u00eda 51 investigaban las causas del doble crimen. Dos j\u00f3venes fueron encontrados muertos hoy, uno de ellos a pu\u00f1aladas y el otro de un balazo, en proximidades&hellip;<\/p>\n","protected":false},"author":1,"featured_media":0,"comment_status":"open","ping_status":"open","sticky":false,"template":"","format":"standard","meta":{"footnotes":""},"categories":[22],"tags":[2832,4209,2337,388,1617,1337,30,10689],"class_list":["post-22262","post","type-post","status-publish","format-standard","hentry","category-policiales","tag-ajuste-de-cuentas","tag-asesinatos","tag-bosques","tag-disparo","tag-hombres","tag-palermo","tag-policia","tag-punalada"],"_links":{"self":[{"href":"https:\/\/www.elsindical.com.ar\/notas\/wp-json\/wp\/v2\/posts\/22262","targetHints":{"allow":["GET"]}}],"collection":[{"href":"https:\/\/www.elsindical.com.ar\/notas\/wp-json\/wp\/v2\/posts"}],"about":[{"href":"https:\/\/www.elsindical.com.ar\/notas\/wp-json\/wp\/v2\/types\/post"}],"author":[{"embeddable":true,"href":"https:\/\/www.elsindical.com.ar\/notas\/wp-json\/wp\/v2\/users\/1"}],"replies":[{"embeddable":true,"href":"https:\/\/www.elsindical.com.ar\/notas\/wp-json\/wp\/v2\/comments?post=22262"}],"version-history":[{"count":2,"href":"https:\/\/www.elsindical.com.ar\/notas\/wp-json\/wp\/v2\/posts\/22262\/revisions"}],"predecessor-version":[{"id":22265,"href":"https:\/\/www.elsindical.com.ar\/notas\/wp-json\/wp\/v2\/posts\/22262\/revisions\/22265"}],"wp:attachment":[{"href":"https:\/\/www.elsindical.com.ar\/notas\/wp-json\/wp\/v2\/media?parent=22262"}],"wp:term":[{"taxonomy":"category","embeddable":true,"href":"https:\/\/www.elsindical.com.ar\/notas\/wp-json\/wp\/v2\/categories?post=22262"},{"taxonomy":"post_tag","embeddable":true,"href":"https:\/\/www.elsindical.com.ar\/notas\/wp-json\/wp\/v2\/tags?post=22262"}],"curies":[{"name":"wp","href":"https:\/\/api.w.org\/{rel}","templated":true}]}}