{"id":22236,"date":"2012-03-19T10:54:35","date_gmt":"2012-03-19T13:54:35","guid":{"rendered":"http:\/\/www.elsindical.com.ar\/notas\/?p=22236"},"modified":"2012-03-19T10:54:35","modified_gmt":"2012-03-19T13:54:35","slug":"franciatres-ninos-murieron-tras-un-ataque-a-una-escuela-judia","status":"publish","type":"post","link":"https:\/\/www.elsindical.com.ar\/notas\/franciatres-ninos-murieron-tras-un-ataque-a-una-escuela-judia\/","title":{"rendered":"Francia:Tres ni\u00f1os murieron tras un ataque a una escuela jud\u00eda"},"content":{"rendered":"<p style=\"text-align: justify;\"><em><a href=\"http:\/\/www.elsindical.com.ar\/notas\/var\/www\/html\/notas\/wp-content\/uploads\/2012\/03\/ataque-escuela-jud\u00eda-Francia.jpg\"><img loading=\"lazy\" decoding=\"async\" class=\"alignleft size-medium wp-image-22237\" title=\"ataque-escuela-jud\u00eda-Francia\" src=\"http:\/\/www.elsindical.com.ar\/notas\/var\/www\/html\/notas\/wp-content\/uploads\/2012\/03\/ataque-escuela-jud\u00eda-Francia-300x225.jpg\" alt=\"\" width=\"300\" height=\"225\" srcset=\"https:\/\/www.elsindical.com.ar\/notas\/var\/www\/html\/notas\/wp-content\/uploads\/2012\/03\/ataque-escuela-jud\u00eda-Francia-300x225.jpg 300w, https:\/\/www.elsindical.com.ar\/notas\/var\/www\/html\/notas\/wp-content\/uploads\/2012\/03\/ataque-escuela-jud\u00eda-Francia.jpg 413w\" sizes=\"auto, (max-width: 300px) 100vw, 300px\" \/><\/a>Ocurri\u00f3 en la ciudad de Toulouse, al sur del pa\u00eds galo. Adem\u00e1s de los peque\u00f1os, un docente perdi\u00f3 la vida en tanto que otras dos personas m\u00e1s resultaron gravemente heridas. Sucedi\u00f3 momentos antes de que el colegio abriera sus puertas para iniciar la jornada, cuando un hombre a bordo de una moto dispar\u00f3 contra quienes estaban a la espera en la puerta de entrada, inmediatamente despu\u00e9s de lo que huy\u00f3. Por este hecho, las autoridades decidieron \u201creforzar\u201d la seguridad en las escuelas jud\u00edas.<\/em><\/p>\n<p style=\"text-align: justify;\">Al menos cuatro personas murieron, entre ellas tres ni\u00f1os, y otras dos resultaron heridas como consecuencia de un ataque a tiros contra el frente de una escuela jud\u00eda de la localidad de Toulouse, en el sur de Francia.<\/p>\n<p style=\"text-align: justify;\">El hecho ocurri\u00f3 cerca de las 8.00 de la ma\u00f1ana (4.00 hora argentina), cuando se iban a abrir las puertas del colegio Ozar Hatorah.<\/p>\n<p style=\"text-align: justify;\">De acuerdo a esos testimonios, un hombre a bordo de una moto dispar\u00f3 contra los alumnos que se dispon\u00edan a entrar a clase y despu\u00e9s huy\u00f3.<br \/>\nSeg\u00fan los primeros datos de la investigaci\u00f3n, el agresor dispar\u00f3 con una pistola autom\u00e1tica que se le encasquill\u00f3, tras lo cual us\u00f3 otra pistola.<\/p>\n<p style=\"text-align: justify;\">Los casquillos hallados en el lugar de los hechos son de dos calibres distintos: 11.43 -como el de los casquillos correspondientes a los tiroteos ocurridos en Montauban y Toulouse la semana pasada en los que tres militares franceses murieron despu\u00e9s de que una persona les disparase y huyese- y se encontraran casquillos de un arma\u00a09 mil\u00edmetros.<\/p>\n<p style=\"text-align: justify;\">Tras el ataque de hoy, el Ministerio del Interior orden\u00f3 reforzar la vigilancia en torno a los colegios jud\u00edos.<\/p>\n","protected":false},"excerpt":{"rendered":"<p>Ocurri\u00f3 en la ciudad de Toulouse, al sur del pa\u00eds galo. Adem\u00e1s de los peque\u00f1os, un docente perdi\u00f3 la vida en tanto que otras dos personas m\u00e1s resultaron gravemente heridas. Sucedi\u00f3 momentos antes de que el colegio abriera sus puertas para iniciar la jornada, cuando un hombre a bordo de una moto dispar\u00f3 contra quienes&hellip;<\/p>\n","protected":false},"author":1,"featured_media":0,"comment_status":"open","ping_status":"open","sticky":false,"template":"","format":"standard","meta":{"footnotes":""},"categories":[18],"tags":[7978,1499,304,99,894,2448,174,2516],"class_list":["post-22236","post","type-post","status-publish","format-standard","hentry","category-internacionales","tag-9m-m","tag-asesinados","tag-ataque","tag-chicos","tag-disparos","tag-escuela","tag-francia","tag-moto"],"_links":{"self":[{"href":"https:\/\/www.elsindical.com.ar\/notas\/wp-json\/wp\/v2\/posts\/22236","targetHints":{"allow":["GET"]}}],"collection":[{"href":"https:\/\/www.elsindical.com.ar\/notas\/wp-json\/wp\/v2\/posts"}],"about":[{"href":"https:\/\/www.elsindical.com.ar\/notas\/wp-json\/wp\/v2\/types\/post"}],"author":[{"embeddable":true,"href":"https:\/\/www.elsindical.com.ar\/notas\/wp-json\/wp\/v2\/users\/1"}],"replies":[{"embeddable":true,"href":"https:\/\/www.elsindical.com.ar\/notas\/wp-json\/wp\/v2\/comments?post=22236"}],"version-history":[{"count":2,"href":"https:\/\/www.elsindical.com.ar\/notas\/wp-json\/wp\/v2\/posts\/22236\/revisions"}],"predecessor-version":[{"id":22240,"href":"https:\/\/www.elsindical.com.ar\/notas\/wp-json\/wp\/v2\/posts\/22236\/revisions\/22240"}],"wp:attachment":[{"href":"https:\/\/www.elsindical.com.ar\/notas\/wp-json\/wp\/v2\/media?parent=22236"}],"wp:term":[{"taxonomy":"category","embeddable":true,"href":"https:\/\/www.elsindical.com.ar\/notas\/wp-json\/wp\/v2\/categories?post=22236"},{"taxonomy":"post_tag","embeddable":true,"href":"https:\/\/www.elsindical.com.ar\/notas\/wp-json\/wp\/v2\/tags?post=22236"}],"curies":[{"name":"wp","href":"https:\/\/api.w.org\/{rel}","templated":true}]}}