{"id":22227,"date":"2012-03-18T18:35:26","date_gmt":"2012-03-18T21:35:26","guid":{"rendered":"http:\/\/www.elsindical.com.ar\/notas\/?p=22227"},"modified":"2012-03-18T18:35:47","modified_gmt":"2012-03-18T21:35:47","slug":"uruguaydetienen-a-dos-enfermeros-por-50-muertes-de-pacientes-que-demandaban-mucha-atencion","status":"publish","type":"post","link":"https:\/\/www.elsindical.com.ar\/notas\/uruguaydetienen-a-dos-enfermeros-por-50-muertes-de-pacientes-que-demandaban-mucha-atencion\/","title":{"rendered":"Uruguay:Detienen a dos enfermeros por 50 muertes de pacientes que \u201cdemandaban mucha atenci\u00f3n\u00bb"},"content":{"rendered":"<p style=\"text-align: justify;\"><em><a href=\"http:\/\/www.elsindical.com.ar\/notas\/var\/www\/html\/notas\/wp-content\/uploads\/2012\/03\/enfermero-gen\u00e9rico.jpg\"><img loading=\"lazy\" decoding=\"async\" class=\"alignleft size-medium wp-image-22228\" title=\"enfermero-gen\u00e9rico\" src=\"http:\/\/www.elsindical.com.ar\/notas\/var\/www\/html\/notas\/wp-content\/uploads\/2012\/03\/enfermero-gen\u00e9rico-300x249.jpg\" alt=\"\" width=\"300\" height=\"249\" srcset=\"https:\/\/www.elsindical.com.ar\/notas\/var\/www\/html\/notas\/wp-content\/uploads\/2012\/03\/enfermero-gen\u00e9rico-300x249.jpg 300w, https:\/\/www.elsindical.com.ar\/notas\/var\/www\/html\/notas\/wp-content\/uploads\/2012\/03\/enfermero-gen\u00e9rico.jpg 325w\" sizes=\"auto, (max-width: 300px) 100vw, 300px\" \/><\/a>Los implicados reconocieron la autor\u00eda de decenas de casos en los dos \u00faltimos a\u00f1os y adujeron \u00abrazones humanitarias\u00bb. Mientras la Justicia estima que los supuestos asesinatos cometidos fueron esa cantidad, la Polic\u00eda especula con que habr\u00edan sido 200.<\/em><\/p>\n<p style=\"text-align: justify;\">Dos enfermeros fueron detenidos en Uruguay como sospechosos por la muerte de al menos 50 personas internadas en estado grave en dos hospitales de ese pa\u00eds en los dos \u00faltimos a\u00f1os, confirm\u00f3 hoy la Justicia local.<\/p>\n<p style=\"text-align: justify;\">Los implicados reconocieron la autor\u00eda de decenas de casos en los dos \u00faltimos a\u00f1os y adujeron \u00abrazones humanitarias\u00bb, seg\u00fan inform\u00f3 la agencia alemana DPA.<\/p>\n<p style=\"text-align: justify;\">La investigaci\u00f3n, bajo el nombre \u00abOperaci\u00f3n \u00e1ngel\u00bb, se inici\u00f3 hace dos meses a partir de una denuncia de funcionarios de los centros asistenciales, todos de Montevideo.<\/p>\n<p style=\"text-align: justify;\">El diario uruguayo El Pa\u00eds inform\u00f3 que mientras la Justicia estima que los supuestos asesinatos cometidos por los enfermeros fueron al menos 50, la Polic\u00eda especula con que habr\u00edan sido 200.<\/p>\n<p style=\"text-align: justify;\">En todos los casos los pacientes se encontraban \u00abgraves\u00bb, pero \u00absu muerte no era esperada\u00bb, indic\u00f3 el Juez de la causa Rolando Vomero, que no se refiri\u00f3 a una cantidad concreta de fallecidos, aunque asegur\u00f3 que fueron \u00abmuchos\u00bb.<\/p>\n<p style=\"text-align: justify;\">La Justicia y la Polic\u00eda sospechan que puede haber casos con m\u00e1s antig\u00fcedad y que uno de los m\u00f3viles es que \u00abse trataba de pacientes que demandaban mucha atenci\u00f3n\u00bb.<\/p>\n","protected":false},"excerpt":{"rendered":"<p>Los implicados reconocieron la autor\u00eda de decenas de casos en los dos \u00faltimos a\u00f1os y adujeron \u00abrazones humanitarias\u00bb. Mientras la Justicia estima que los supuestos asesinatos cometidos fueron esa cantidad, la Polic\u00eda especula con que habr\u00edan sido 200. Dos enfermeros fueron detenidos en Uruguay como sospechosos por la muerte de al menos 50 personas internadas&hellip;<\/p>\n","protected":false},"author":1,"featured_media":0,"comment_status":"open","ping_status":"open","sticky":false,"template":"","format":"standard","meta":{"footnotes":""},"categories":[18],"tags":[4008,305,10678,30,226],"class_list":["post-22227","post","type-post","status-publish","format-standard","hentry","category-internacionales","tag-enfermeros","tag-muerte","tag-operacion-angel","tag-policia","tag-uruguay"],"_links":{"self":[{"href":"https:\/\/www.elsindical.com.ar\/notas\/wp-json\/wp\/v2\/posts\/22227","targetHints":{"allow":["GET"]}}],"collection":[{"href":"https:\/\/www.elsindical.com.ar\/notas\/wp-json\/wp\/v2\/posts"}],"about":[{"href":"https:\/\/www.elsindical.com.ar\/notas\/wp-json\/wp\/v2\/types\/post"}],"author":[{"embeddable":true,"href":"https:\/\/www.elsindical.com.ar\/notas\/wp-json\/wp\/v2\/users\/1"}],"replies":[{"embeddable":true,"href":"https:\/\/www.elsindical.com.ar\/notas\/wp-json\/wp\/v2\/comments?post=22227"}],"version-history":[{"count":2,"href":"https:\/\/www.elsindical.com.ar\/notas\/wp-json\/wp\/v2\/posts\/22227\/revisions"}],"predecessor-version":[{"id":22230,"href":"https:\/\/www.elsindical.com.ar\/notas\/wp-json\/wp\/v2\/posts\/22227\/revisions\/22230"}],"wp:attachment":[{"href":"https:\/\/www.elsindical.com.ar\/notas\/wp-json\/wp\/v2\/media?parent=22227"}],"wp:term":[{"taxonomy":"category","embeddable":true,"href":"https:\/\/www.elsindical.com.ar\/notas\/wp-json\/wp\/v2\/categories?post=22227"},{"taxonomy":"post_tag","embeddable":true,"href":"https:\/\/www.elsindical.com.ar\/notas\/wp-json\/wp\/v2\/tags?post=22227"}],"curies":[{"name":"wp","href":"https:\/\/api.w.org\/{rel}","templated":true}]}}