{"id":22224,"date":"2012-03-18T14:16:24","date_gmt":"2012-03-18T17:16:24","guid":{"rendered":"http:\/\/www.elsindical.com.ar\/notas\/?p=22224"},"modified":"2012-03-18T14:16:24","modified_gmt":"2012-03-18T17:16:24","slug":"maravilla-martinez-noqueo-a-macklin-y-ya-tiene-la-mira-puesta-en-chavez-jr","status":"publish","type":"post","link":"https:\/\/www.elsindical.com.ar\/notas\/maravilla-martinez-noqueo-a-macklin-y-ya-tiene-la-mira-puesta-en-chavez-jr\/","title":{"rendered":"\u00abMaravilla\u00bb Mart\u00ednez noque\u00f3 a Macklin y ya tiene la mira puesta en Ch\u00e1vez Jr."},"content":{"rendered":"<p style=\"text-align: justify;\"><em><a href=\"http:\/\/www.elsindical.com.ar\/notas\/var\/www\/html\/notas\/wp-content\/uploads\/2012\/03\/Maravilla-Mart\u00ednez-y-Matthew-Macklin.jpg\"><img loading=\"lazy\" decoding=\"async\" class=\"alignleft size-medium wp-image-22225\" title=\"Maravilla-Mart\u00ednez-y-Matthew-Macklin\" src=\"http:\/\/www.elsindical.com.ar\/notas\/var\/www\/html\/notas\/wp-content\/uploads\/2012\/03\/Maravilla-Mart\u00ednez-y-Matthew-Macklin-300x225.jpg\" alt=\"\" width=\"300\" height=\"225\" srcset=\"https:\/\/www.elsindical.com.ar\/notas\/var\/www\/html\/notas\/wp-content\/uploads\/2012\/03\/Maravilla-Mart\u00ednez-y-Matthew-Macklin-300x225.jpg 300w, https:\/\/www.elsindical.com.ar\/notas\/var\/www\/html\/notas\/wp-content\/uploads\/2012\/03\/Maravilla-Mart\u00ednez-y-Matthew-Macklin.jpg 413w\" sizes=\"auto, (max-width: 300px) 100vw, 300px\" \/><\/a>El argentino venci\u00f3 por <strong>nocaut t\u00e9cnico en el 12\u00ba y \u00faltimo round,<\/strong> en una pelea realizada en el <strong>Madison Square Garden de Nueva York<\/strong>. La victoria del oriundo de <strong>Quilmes<\/strong> <strong>lo acerca de una vez por todas<\/strong> para enfrentarse con el <strong>mexicano, campe\u00f3n mediano del Consejo<\/strong>.<\/em><\/p>\n<p style=\"text-align: justify;\">El argentino Sergio \u201cMaravilla\u201d Mart\u00ednez, campe\u00f3n Em\u00e9rito y de Diamante mediano del Consejo Mundial de Boxeo (CMB), venci\u00f3 en la madrugada del domingo por nocaut t\u00e9cnico antes de comenzar el duod\u00e9cimo round al brit\u00e1nico Matthew Macklin. Un triunfo que hace inminente la concreci\u00f3n de un combate millonario con el mexicano Julio C\u00e9sar Chavez junior, monarca regular de la categor\u00eda.<\/p>\n<p style=\"text-align: justify;\">La velada se desarroll\u00f3 en The Theater de ese templo del boxeo que es el Madison Square Garden, con una concurrencia estimada en 5.000 espectadores, que dejaron en boleter\u00edas una recaudaci\u00f3n de 700 mil d\u00f3lares.<\/p>\n<p style=\"text-align: justify;\">El pugilista argentino demoli\u00f3 a su rival y lo derrib\u00f3 dos veces en el 11\u00ba round, y por ese motivo la esquina del brit\u00e1nico decidi\u00f3 que no saliera a combatir en el \u00faltimo asalto.<\/p>\n<p style=\"text-align: justify;\">Mart\u00ednez recibi\u00f3 una cuenta de protecci\u00f3n en el s\u00e9ptimo asalto como producto de estar mal parado, luego de recibir una derecha que no llevaba mucha potencia.<\/p>\n<p style=\"text-align: justify;\">El deportista argentino, considerado por la prensa especializada y los aficionados como uno de los mejores boxeadores de la actualidad junto a Floyd Mayweather y Manny Pacquiao, recibi\u00f3 una bolsa r\u00e9cord para un pugilista de la Argentina, que seg\u00fan fuentes consultadas super\u00f3 el 1.400.000 d\u00f3lares que cobr\u00f3 Carlos \u201cEl Tata\u201d Baldomir ante Mayweather en noviembre de 2006.<\/p>\n<p style=\"text-align: justify;\">El buen boxeo y la entrega del eficiente deportista de Quilmes prevalecieron ante el fervor del brit\u00e1nico, que cumpli\u00f3 una digna tarea, tal como aconteci\u00f3 cuando fue superado en un fallo pol\u00e9mico por el alem\u00e1n Felix Sturm.<\/p>\n<p style=\"text-align: justify;\">Mart\u00ednez, de 37 a\u00f1os, ampli\u00f3 su historial a 49 triunfos (28 nocauts), dos derrotas y dos empates. En tanto que Macklin, de 29 a\u00f1os, qued\u00f3 con una foja de 28 victorias y apenas cuatro derrotas, con 19 nocauts.<\/p>\n","protected":false},"excerpt":{"rendered":"<p>El argentino venci\u00f3 por nocaut t\u00e9cnico en el 12\u00ba y \u00faltimo round, en una pelea realizada en el Madison Square Garden de Nueva York. La victoria del oriundo de Quilmes lo acerca de una vez por todas para enfrentarse con el mexicano, campe\u00f3n mediano del Consejo. El argentino Sergio \u201cMaravilla\u201d Mart\u00ednez, campe\u00f3n Em\u00e9rito y de&hellip;<\/p>\n","protected":false},"author":1,"featured_media":0,"comment_status":"open","ping_status":"open","sticky":false,"template":"","format":"standard","meta":{"footnotes":""},"categories":[7],"tags":[10677,10676,9774,684,10675],"class_list":["post-22224","post","type-post","status-publish","format-standard","hentry","category-deportes","tag-julio-cesar-chavez-jr","tag-madison-square-garden-de-nueva-york","tag-matthew-macklin","tag-quilmes","tag-sergio-maravilla-martinez"],"_links":{"self":[{"href":"https:\/\/www.elsindical.com.ar\/notas\/wp-json\/wp\/v2\/posts\/22224","targetHints":{"allow":["GET"]}}],"collection":[{"href":"https:\/\/www.elsindical.com.ar\/notas\/wp-json\/wp\/v2\/posts"}],"about":[{"href":"https:\/\/www.elsindical.com.ar\/notas\/wp-json\/wp\/v2\/types\/post"}],"author":[{"embeddable":true,"href":"https:\/\/www.elsindical.com.ar\/notas\/wp-json\/wp\/v2\/users\/1"}],"replies":[{"embeddable":true,"href":"https:\/\/www.elsindical.com.ar\/notas\/wp-json\/wp\/v2\/comments?post=22224"}],"version-history":[{"count":1,"href":"https:\/\/www.elsindical.com.ar\/notas\/wp-json\/wp\/v2\/posts\/22224\/revisions"}],"predecessor-version":[{"id":22226,"href":"https:\/\/www.elsindical.com.ar\/notas\/wp-json\/wp\/v2\/posts\/22224\/revisions\/22226"}],"wp:attachment":[{"href":"https:\/\/www.elsindical.com.ar\/notas\/wp-json\/wp\/v2\/media?parent=22224"}],"wp:term":[{"taxonomy":"category","embeddable":true,"href":"https:\/\/www.elsindical.com.ar\/notas\/wp-json\/wp\/v2\/categories?post=22224"},{"taxonomy":"post_tag","embeddable":true,"href":"https:\/\/www.elsindical.com.ar\/notas\/wp-json\/wp\/v2\/tags?post=22224"}],"curies":[{"name":"wp","href":"https:\/\/api.w.org\/{rel}","templated":true}]}}