{"id":22156,"date":"2012-03-15T13:15:54","date_gmt":"2012-03-15T16:15:54","guid":{"rendered":"http:\/\/www.elsindical.com.ar\/notas\/?p=22156"},"modified":"2012-03-15T13:15:54","modified_gmt":"2012-03-15T16:15:54","slug":"belgranoaparece-colgado-un-vigilador-dentro-de-la-embajada-de-mexico","status":"publish","type":"post","link":"https:\/\/www.elsindical.com.ar\/notas\/belgranoaparece-colgado-un-vigilador-dentro-de-la-embajada-de-mexico\/","title":{"rendered":"Belgrano:Aparece colgado un vigilador dentro de la embajada de M\u00e9xico"},"content":{"rendered":"<p style=\"text-align: justify;\"><em><a href=\"http:\/\/www.elsindical.com.ar\/notas\/var\/www\/html\/notas\/wp-content\/uploads\/2012\/03\/embajada-de-M\u00e9xico.jpg\"><img loading=\"lazy\" decoding=\"async\" class=\"alignleft size-medium wp-image-22157\" title=\"embajada-de-M\u00e9xico\" src=\"http:\/\/www.elsindical.com.ar\/notas\/var\/www\/html\/notas\/wp-content\/uploads\/2012\/03\/embajada-de-M\u00e9xico-300x193.jpg\" alt=\"\" width=\"300\" height=\"193\" srcset=\"https:\/\/www.elsindical.com.ar\/notas\/var\/www\/html\/notas\/wp-content\/uploads\/2012\/03\/embajada-de-M\u00e9xico-300x193.jpg 300w, https:\/\/www.elsindical.com.ar\/notas\/var\/www\/html\/notas\/wp-content\/uploads\/2012\/03\/embajada-de-M\u00e9xico.jpg 413w\" sizes=\"auto, (max-width: 300px) 100vw, 300px\" \/><\/a>Misterio en la sede diplom\u00e1tica azteca del barrio porte\u00f1o de Belgrano. Un vigilador fue hallado colgando de una soga atada a una reja.<\/em><\/p>\n<p style=\"text-align: justify;\">\u009d\u00bfSuicidio o ajuste de cuentas? Muerte, hermetismo y misterio en la embajada de M\u00e9xico, ubicada en el barrio porte\u00f1o de Belgrano, donde un vigilador del lugar fue hallado sin vida, ahorcado, con su cuerpo colgando de una soga atada a una reja del establecimiento.<\/p>\n<p style=\"text-align: justify;\">Seg\u00fan trascendi\u00f3, la v\u00edctima se habr\u00eda suicidado e incluso minutos antes de morir dej\u00f3 una carta dirigida a las autoridades del lugar y a su familia. Sin embargo, la polic\u00eda investiga las circunstancias del hecho y los motivos que habr\u00edan llevado al hombre a quitarse la vida.<\/p>\n<p style=\"text-align: justify;\">En ese marco, los detectives de la polic\u00eda trataban de establecer si el hombre hab\u00eda sufrido en los \u00faltimos tiempos presiones laborales que lo pudieron haber llevado a la tr\u00e1gica decisi\u00f3n o si padec\u00eda problemas familiares, de salud o si formaba parte de alguna cartera de narcotr\u00e1fico.<\/p>\n<p style=\"text-align: justify;\">El hallazgo del cad\u00e1ver fue a primeras horas de ayer en la embajada situada en la calle Arcos al 1600, cuando el propio c\u00f3nsul lleg\u00f3 al establecimiento y al recorrer las instalaciones junto a un grupo de colaboradores encontraron al empleado ahorcado, atado a una soga a una de las rejas de un jard\u00edn interno.<\/p>\n<p style=\"text-align: justify;\">Se supo que a las cinco de la madrugada, cuando al entrar a su puesto de trabajo otro empleado de seguridad de la embajada, advirti\u00f3 una carta escrita a mano en la cual su compa\u00f1ero indicaba que ten\u00eda la decisi\u00f3n de suicidarse.<\/p>\n<p style=\"text-align: justify;\">Tres horas despu\u00e9s de ser encontrada la carta, las autoridades, quienes hab\u00edan sido informadas sobre la existencia del mensaje escrito sobre el suicidio, recorrieron el lugar y finalmente hallaron al hombre muerto.<\/p>\n<p style=\"text-align: justify;\">Tras descubrir al vigilador muerto, se dio aviso a la polic\u00eda y entonces un patrullero de la comisar\u00eda 33\u00aa, con jurisdicci\u00f3n en la zona, se acerc\u00f3 y los agentes comprobaron la existencia del cad\u00e1ver que a\u00fan colgaba.<\/p>\n<p style=\"text-align: justify;\">Minutos despu\u00e9s acudieron tambi\u00e9n agentes de la Polic\u00eda Cient\u00edfica, quienes se dedicaron a levantar huellas y otros elementos para tratar de comprender las circunstancias precisas del suceso.<\/p>\n<p style=\"text-align: justify;\">\n<p style=\"text-align: justify;\">Fuente:Cr\u00f3nica<\/p>\n","protected":false},"excerpt":{"rendered":"<p>Misterio en la sede diplom\u00e1tica azteca del barrio porte\u00f1o de Belgrano. Un vigilador fue hallado colgando de una soga atada a una reja. \u009d\u00bfSuicidio o ajuste de cuentas? Muerte, hermetismo y misterio en la embajada de M\u00e9xico, ubicada en el barrio porte\u00f1o de Belgrano, donde un vigilador del lugar fue hallado sin vida, ahorcado, con&hellip;<\/p>\n","protected":false},"author":1,"featured_media":0,"comment_status":"open","ping_status":"open","sticky":false,"template":"","format":"standard","meta":{"footnotes":""},"categories":[22],"tags":[5423,1225,31,305,30,397],"class_list":["post-22156","post","type-post","status-publish","format-standard","hentry","category-policiales","tag-ahorcado","tag-belgrano","tag-mexico","tag-muerte","tag-policia","tag-vigilador"],"_links":{"self":[{"href":"https:\/\/www.elsindical.com.ar\/notas\/wp-json\/wp\/v2\/posts\/22156","targetHints":{"allow":["GET"]}}],"collection":[{"href":"https:\/\/www.elsindical.com.ar\/notas\/wp-json\/wp\/v2\/posts"}],"about":[{"href":"https:\/\/www.elsindical.com.ar\/notas\/wp-json\/wp\/v2\/types\/post"}],"author":[{"embeddable":true,"href":"https:\/\/www.elsindical.com.ar\/notas\/wp-json\/wp\/v2\/users\/1"}],"replies":[{"embeddable":true,"href":"https:\/\/www.elsindical.com.ar\/notas\/wp-json\/wp\/v2\/comments?post=22156"}],"version-history":[{"count":1,"href":"https:\/\/www.elsindical.com.ar\/notas\/wp-json\/wp\/v2\/posts\/22156\/revisions"}],"predecessor-version":[{"id":22158,"href":"https:\/\/www.elsindical.com.ar\/notas\/wp-json\/wp\/v2\/posts\/22156\/revisions\/22158"}],"wp:attachment":[{"href":"https:\/\/www.elsindical.com.ar\/notas\/wp-json\/wp\/v2\/media?parent=22156"}],"wp:term":[{"taxonomy":"category","embeddable":true,"href":"https:\/\/www.elsindical.com.ar\/notas\/wp-json\/wp\/v2\/categories?post=22156"},{"taxonomy":"post_tag","embeddable":true,"href":"https:\/\/www.elsindical.com.ar\/notas\/wp-json\/wp\/v2\/tags?post=22156"}],"curies":[{"name":"wp","href":"https:\/\/api.w.org\/{rel}","templated":true}]}}