{"id":22153,"date":"2012-03-15T13:09:33","date_gmt":"2012-03-15T16:09:33","guid":{"rendered":"http:\/\/www.elsindical.com.ar\/notas\/?p=22153"},"modified":"2012-03-15T13:09:33","modified_gmt":"2012-03-15T16:09:33","slug":"balvaneraasesinan-a-un-empresario-y-se-desata-la-polemica-por-la-inseguridad-en-la-zona","status":"publish","type":"post","link":"https:\/\/www.elsindical.com.ar\/notas\/balvaneraasesinan-a-un-empresario-y-se-desata-la-polemica-por-la-inseguridad-en-la-zona\/","title":{"rendered":"Balvanera:Asesinan a un empresario y se desata la pol\u00e9mica por la inseguridad en la zona"},"content":{"rendered":"<div id=\"bajada\" style=\"text-align: justify;\">\n<p><em><a href=\"http:\/\/www.elsindical.com.ar\/notas\/var\/www\/html\/notas\/wp-content\/uploads\/2012\/03\/asesinato-en-Balvanera.jpg\"><img loading=\"lazy\" decoding=\"async\" class=\"alignleft size-medium wp-image-22154\" title=\"asesinato-en-Balvanera\" src=\"http:\/\/www.elsindical.com.ar\/notas\/var\/www\/html\/notas\/wp-content\/uploads\/2012\/03\/asesinato-en-Balvanera-300x183.jpg\" alt=\"\" width=\"300\" height=\"183\" srcset=\"https:\/\/www.elsindical.com.ar\/notas\/var\/www\/html\/notas\/wp-content\/uploads\/2012\/03\/asesinato-en-Balvanera-300x183.jpg 300w, https:\/\/www.elsindical.com.ar\/notas\/var\/www\/html\/notas\/wp-content\/uploads\/2012\/03\/asesinato-en-Balvanera.jpg 413w\" sizes=\"auto, (max-width: 300px) 100vw, 300px\" \/><\/a>Un hombre de 74 a\u00f1os, due\u00f1o de un local de turismo en Balvanera, fue encontrado muerto dentro del negocio y los investigadores tratan de establecer si se trat\u00f3 de un homicidio en ocasi\u00f3n de robo.<\/em><\/p>\n<\/div>\n<div id=\"texto\" style=\"text-align: justify;\">\n<p>El due\u00f1o de una agencia de turismo fue asesinado a golpes en la cabeza dentro de su local en el barrio porte\u00f1o de Balvanera, y los investigadores intentan determinar si se trat\u00f3 de un crimen en ocasi\u00f3n de robo, informaron fuentes policiales.<\/p>\n<p>Se trata de un hombre de 74 a\u00f1os identificado por la polic\u00eda como<strong> Jos\u00e9 Iriarte<\/strong>, quien fue encontrado muerto dentro de su comercio en la calle Misiones 94, casi esquina Hip\u00f3lito Yrigoyen, donde peritos en rastros trabajan en busca de huellas.<\/p>\n<p>El hecho fue descubierto en la ma\u00f1ana de este jueves por uno de los empleados del lugar, quien lleg\u00f3 cerca de las 08:00 hs.\u00a0y encontr\u00f3 al due\u00f1o de la agencia muerto con un fuerte golpe en la cabeza.<\/p>\n<p>El empleado llam\u00f3 de inmediato a la comisar\u00eda 8a. y varios patrulleros se dirigieron al lugar.<\/p>\n<p>Los polic\u00edas determinaron que el hombre ya estaba fallecido y descubrieron que todo el local estaba revuelto, por lo que la principal sospecha apunta a que se trat\u00f3 de un homicidio en ocasi\u00f3n de robo.<\/p>\n<p>Los investigadores intentan determinar ahora si efectivamente existe alg\u00fan faltante en el local, ya que todav\u00eda no est\u00e1 claro si all\u00ed se guardaba dinero.<\/p>\n<p>En principio, los peritos establecieron que Iriarte sufri\u00f3 un fuerte golpe en la cabeza que le caus\u00f3 la muerte en forma instant\u00e1nea, dijeron las fuentes policiales.<\/p>\n<p>El hecho es investigado por personal de la comisar\u00eda 8a., quienes trabajan bajo las \u00f3rdenes de un Fiscal de instrucci\u00f3n nacional.<\/p>\n<p>Vecinos refirieron a los medios su preocupaci\u00f3n por los cotidianos hechos delictivos que ocurren en la zona, asegurando que despu\u00e9s de las 19:00 hs. se convierte en tierra de nadie.<\/p>\n<p>Liliana, una vecina que aseguraba haber visto anoche al hombre asesinado en un bar, dijo que ella quiere mucho a la polic\u00eda, pero que en el barrio, la droga, los robos y los delitos son algo corriente y que la polic\u00eda no hace nada hasta que pasa algo.<\/p>\n<\/div>\n","protected":false},"excerpt":{"rendered":"<p>Un hombre de 74 a\u00f1os, due\u00f1o de un local de turismo en Balvanera, fue encontrado muerto dentro del negocio y los investigadores tratan de establecer si se trat\u00f3 de un homicidio en ocasi\u00f3n de robo. El due\u00f1o de una agencia de turismo fue asesinado a golpes en la cabeza dentro de su local en el&hellip;<\/p>\n","protected":false},"author":1,"featured_media":0,"comment_status":"open","ping_status":"open","sticky":false,"template":"","format":"standard","meta":{"footnotes":""},"categories":[22],"tags":[607,363,3487,320,1629],"class_list":["post-22153","post","type-post","status-publish","format-standard","hentry","category-policiales","tag-agencia","tag-asesinato","tag-balvanera","tag-golpes","tag-once"],"_links":{"self":[{"href":"https:\/\/www.elsindical.com.ar\/notas\/wp-json\/wp\/v2\/posts\/22153","targetHints":{"allow":["GET"]}}],"collection":[{"href":"https:\/\/www.elsindical.com.ar\/notas\/wp-json\/wp\/v2\/posts"}],"about":[{"href":"https:\/\/www.elsindical.com.ar\/notas\/wp-json\/wp\/v2\/types\/post"}],"author":[{"embeddable":true,"href":"https:\/\/www.elsindical.com.ar\/notas\/wp-json\/wp\/v2\/users\/1"}],"replies":[{"embeddable":true,"href":"https:\/\/www.elsindical.com.ar\/notas\/wp-json\/wp\/v2\/comments?post=22153"}],"version-history":[{"count":1,"href":"https:\/\/www.elsindical.com.ar\/notas\/wp-json\/wp\/v2\/posts\/22153\/revisions"}],"predecessor-version":[{"id":22155,"href":"https:\/\/www.elsindical.com.ar\/notas\/wp-json\/wp\/v2\/posts\/22153\/revisions\/22155"}],"wp:attachment":[{"href":"https:\/\/www.elsindical.com.ar\/notas\/wp-json\/wp\/v2\/media?parent=22153"}],"wp:term":[{"taxonomy":"category","embeddable":true,"href":"https:\/\/www.elsindical.com.ar\/notas\/wp-json\/wp\/v2\/categories?post=22153"},{"taxonomy":"post_tag","embeddable":true,"href":"https:\/\/www.elsindical.com.ar\/notas\/wp-json\/wp\/v2\/tags?post=22153"}],"curies":[{"name":"wp","href":"https:\/\/api.w.org\/{rel}","templated":true}]}}