{"id":21994,"date":"2012-03-08T21:31:23","date_gmt":"2012-03-09T00:31:23","guid":{"rendered":"http:\/\/www.elsindical.com.ar\/notas\/?p=21994"},"modified":"2012-03-08T21:31:23","modified_gmt":"2012-03-09T00:31:23","slug":"garre-dispuso-designaciones-en-seguridad","status":"publish","type":"post","link":"https:\/\/www.elsindical.com.ar\/notas\/garre-dispuso-designaciones-en-seguridad\/","title":{"rendered":"Garr\u00e9 dispuso designaciones en Seguridad"},"content":{"rendered":"<p style=\"text-align: justify;\"><em><a href=\"http:\/\/www.elsindical.com.ar\/notas\/var\/www\/html\/notas\/wp-content\/uploads\/2012\/01\/Nilda-Garre-despacho.jpg\"><img loading=\"lazy\" decoding=\"async\" class=\"alignleft size-medium wp-image-20809\" title=\"Nilda-Garre-despacho\" src=\"http:\/\/www.elsindical.com.ar\/notas\/var\/www\/html\/notas\/wp-content\/uploads\/2012\/01\/Nilda-Garre-despacho-201x300.jpg\" alt=\"\" width=\"201\" height=\"300\" srcset=\"https:\/\/www.elsindical.com.ar\/notas\/var\/www\/html\/notas\/wp-content\/uploads\/2012\/01\/Nilda-Garre-despacho-201x300.jpg 201w, https:\/\/www.elsindical.com.ar\/notas\/var\/www\/html\/notas\/wp-content\/uploads\/2012\/01\/Nilda-Garre-despacho.jpg 591w\" sizes=\"auto, (max-width: 201px) 100vw, 201px\" \/><\/a>La ministra dispuso una decena de designaciones en su cartera, entre ellas la del nuevo secretario de Seguridad, Sergio Alejandro Berni. Seg\u00fan indicaron, los cambios apuntan a \u00abaumentar la capacidad de respuesta a las demandas que la sociedad produce\u00bb.<\/em><\/p>\n<p style=\"text-align: justify;\">La ministra de Seguridad, Nilda Garr\u00e9, dispuso una decena de designaciones en su cartera, entre ellas la del nuevo secretario de Seguridad, Sergio Alejandro Berni, publicada en la edici\u00f3n de hoy del Bolet\u00edn Oficial.<\/p>\n<p style=\"text-align: justify;\">Con la firma de la presidenta Cristina Fern\u00e1ndez de Kirchner, del jefe de Gabinete, Juan Manuel Abal Medina, y de Garr\u00e9, el decreto 328\/2012 consigna que las designaciones y cambios en el organigrama del Ministerio de Seguridad apuntan a \u00abaumentar la capacidad de respuesta a las demandas que la sociedad produce\u00bb.<\/p>\n<p style=\"text-align: justify;\">En este sentido, el decreto 329\/2012 publicado hoy en el Bolet\u00edn Oficial designa al frente de la estrat\u00e9gica Secretar\u00eda de Seguridad al senador bonaerense Sergio Alejandro Berni, quien en diciembre pasado hab\u00eda asumido como vicepresidente primero de la C\u00e1mara alta de la provincia.<\/p>\n<p style=\"text-align: justify;\">Anteriormente, Berni, de origen santacruce\u00f1o, se hab\u00eda desempe\u00f1ado en el Ministerio de Desarrollo Social, encabezado por Alicia Kirchner, como director de Asistencia Cr\u00edtica y subsecretario de Abordaje Territorial.<\/p>\n<p style=\"text-align: justify;\">En tanto, el decreto 337\/2012 publicado hoy en el Bolet\u00edn Oficial dispone la designaci\u00f3n de Cristina Liliana Caama\u00f1o como secretaria de Cooperaci\u00f3n con los Poderes Judiciales, Ministerios P\u00fablicos y Legislaturas.<\/p>\n<p style=\"text-align: justify;\">Por su parte, a trav\u00e9s del decreto 333\/2012, fue nombrado al frente de la Secretar\u00eda de Coordinaci\u00f3n, Planeamiento y Formaci\u00f3n Gustavo Federico Palmieri.<\/p>\n<p style=\"text-align: justify;\">Adem\u00e1s, en el \u00e1mbito de la Secretar\u00eda de Coordinaci\u00f3n, Planeamiento y Formaci\u00f3n del Ministerio de Seguridad fueron nombrados Esteban Jos\u00e9 Rosa Alves al frente de la Subsecretar\u00eda de Asuntos Jur\u00eddicos, y Cecilia Laura Ales como subsecretaria de Planeamiento y Formaci\u00f3n.<\/p>\n<p style=\"text-align: justify;\">Por otro lado, el decreto 330\/2012 formaliz\u00f3 la designaci\u00f3n del nuevo subsecretario de Pol\u00edticas de Seguridad e Intervenci\u00f3n Territorial de la Secretar\u00eda de Seguridad, Dar\u00edo Ruiz; y la de la subsecretaria de Participaci\u00f3n Ciudadana, Mar\u00eda Cecilia Rodr\u00edguez.<\/p>\n<p style=\"text-align: justify;\">En tanto, Ileana Romina Arduino qued\u00f3 al frente de la Subsecretar\u00eda de Articulaci\u00f3n con los Poderes Judiciales y los Ministerios P\u00fablicos de la Secretar\u00eda de Cooperaci\u00f3n con los Poderes Judiciales, Ministerios P\u00fablicos y Legislaturas.<\/p>\n<p style=\"text-align: justify;\">A su vez, el decreto 332\/2012 design\u00f3 como subsecretario de Investigaci\u00f3n del Delito Organizado y Complejo de la Secretar\u00eda de Seguridad a Miguel Angel Robles; y el 334\/2012 hizo lo propio con Patricia Hebe B\u00e1ez Rocha al frente de la Subsecretar\u00eda de Gesti\u00f3n Administrativa de la Secretar\u00eda de Coordinaci\u00f3n, Planeamiento y Formaci\u00f3n.<\/p>\n","protected":false},"excerpt":{"rendered":"<p>La ministra dispuso una decena de designaciones en su cartera, entre ellas la del nuevo secretario de Seguridad, Sergio Alejandro Berni. Seg\u00fan indicaron, los cambios apuntan a \u00abaumentar la capacidad de respuesta a las demandas que la sociedad produce\u00bb. La ministra de Seguridad, Nilda Garr\u00e9, dispuso una decena de designaciones en su cartera, entre ellas&hellip;<\/p>\n","protected":false},"author":1,"featured_media":0,"comment_status":"open","ping_status":"open","sticky":false,"template":"","format":"standard","meta":{"footnotes":""},"categories":[13],"tags":[1295,10577,10574,10578,10576,10575,10580,10579,10581,5365,5366,10582,10573],"class_list":["post-21994","post","type-post","status-publish","format-standard","hentry","category-politica","tag-boletin-oficial","tag-cecilia-laura-ales","tag-cristina-liliana-caamano","tag-dario-ruiz","tag-estevan-jose-rosa-alves","tag-gustavo-federico-palmieri","tag-ileana-romina-arduino","tag-maria-cecilia-rodriguez","tag-miguel-angel-robles","tag-ministerio-de-seguridad-nacional","tag-nilda-garre","tag-patricia-hebe-baez-rocha","tag-sergio-alejandro-berni"],"_links":{"self":[{"href":"https:\/\/www.elsindical.com.ar\/notas\/wp-json\/wp\/v2\/posts\/21994","targetHints":{"allow":["GET"]}}],"collection":[{"href":"https:\/\/www.elsindical.com.ar\/notas\/wp-json\/wp\/v2\/posts"}],"about":[{"href":"https:\/\/www.elsindical.com.ar\/notas\/wp-json\/wp\/v2\/types\/post"}],"author":[{"embeddable":true,"href":"https:\/\/www.elsindical.com.ar\/notas\/wp-json\/wp\/v2\/users\/1"}],"replies":[{"embeddable":true,"href":"https:\/\/www.elsindical.com.ar\/notas\/wp-json\/wp\/v2\/comments?post=21994"}],"version-history":[{"count":3,"href":"https:\/\/www.elsindical.com.ar\/notas\/wp-json\/wp\/v2\/posts\/21994\/revisions"}],"predecessor-version":[{"id":21997,"href":"https:\/\/www.elsindical.com.ar\/notas\/wp-json\/wp\/v2\/posts\/21994\/revisions\/21997"}],"wp:attachment":[{"href":"https:\/\/www.elsindical.com.ar\/notas\/wp-json\/wp\/v2\/media?parent=21994"}],"wp:term":[{"taxonomy":"category","embeddable":true,"href":"https:\/\/www.elsindical.com.ar\/notas\/wp-json\/wp\/v2\/categories?post=21994"},{"taxonomy":"post_tag","embeddable":true,"href":"https:\/\/www.elsindical.com.ar\/notas\/wp-json\/wp\/v2\/tags?post=21994"}],"curies":[{"name":"wp","href":"https:\/\/api.w.org\/{rel}","templated":true}]}}