{"id":21990,"date":"2012-03-08T14:15:33","date_gmt":"2012-03-08T17:15:33","guid":{"rendered":"http:\/\/www.elsindical.com.ar\/notas\/?p=21990"},"modified":"2012-03-08T14:15:33","modified_gmt":"2012-03-08T17:15:33","slug":"se-complica-la-version-de-vazquez-en-el-juicio-oral-desmentida-por-peritos","status":"publish","type":"post","link":"https:\/\/www.elsindical.com.ar\/notas\/se-complica-la-version-de-vazquez-en-el-juicio-oral-desmentida-por-peritos\/","title":{"rendered":"Se complica la versi\u00f3n de V\u00e1zquez en el juicio oral, desmentida por peritos"},"content":{"rendered":"<p style=\"text-align: justify;\"><em><a href=\"http:\/\/www.elsindical.com.ar\/notas\/var\/www\/html\/notas\/wp-content\/uploads\/2012\/03\/V\u00e1zquez-sala-juicio-oral.jpg\"><img loading=\"lazy\" decoding=\"async\" class=\"alignleft size-medium wp-image-21991\" title=\"V\u00e1zquez-sala-juicio-oral\" src=\"http:\/\/www.elsindical.com.ar\/notas\/var\/www\/html\/notas\/wp-content\/uploads\/2012\/03\/V\u00e1zquez-sala-juicio-oral-300x225.jpg\" alt=\"\" width=\"300\" height=\"225\" srcset=\"https:\/\/www.elsindical.com.ar\/notas\/var\/www\/html\/notas\/wp-content\/uploads\/2012\/03\/V\u00e1zquez-sala-juicio-oral-300x225.jpg 300w, https:\/\/www.elsindical.com.ar\/notas\/var\/www\/html\/notas\/wp-content\/uploads\/2012\/03\/V\u00e1zquez-sala-juicio-oral.jpg 413w\" sizes=\"auto, (max-width: 300px) 100vw, 300px\" \/><\/a>Un licenciado en criminal\u00edstica y un bombero <strong>negaron la posibilidad de que un cigarrillo encendido pudiera generar, en contacto con el alcohol, el fuego que provoc\u00f3 las heridas a la v\u00edctima y luego su muerte<\/strong>. La declaraci\u00f3n de los testigos complica la situaci\u00f3n del acusado.<\/em><\/p>\n<p style=\"text-align: justify;\">Dos peritos contradijeron hoy la versi\u00f3n del ex baterista del grupo Callejeros Eduardo V\u00e1zquez, en el juicio que lo tiene acusado por la muerte de su esposa, Wanda Taddei, ocurrido dos a\u00f1os atr\u00e1s.<\/p>\n<p style=\"text-align: justify;\">El licenciado en criminal\u00edstica Jorge Silveira y el perito bombero Luis D\u00edaz negaron la posibilidad de que un cigarrillo encendido haya podido originar, por el contacto con el alcohol, el fuego que caus\u00f3 las heridas a Taddei que derivaron en su muerte d\u00edas despu\u00e9s.<\/p>\n<p style=\"text-align: justify;\">Ambos argumentaron que realizaron pruebas en las que apoyaron cigarrillos encendidos en un recipiente con alcohol y en un algod\u00f3n impregnado con la misma sustancia.<\/p>\n<p style=\"text-align: justify;\">En ambos casos, declararon, el cigarrillo termin\u00f3 apag\u00e1ndose, por lo que concluyeron que las llamas mortales s\u00f3lo podr\u00edan haberse originado en un encendedor. Silveira tambi\u00e9n desacredit\u00f3 la versi\u00f3n de V\u00e1zquez, quien estaba sentado cuando accidentalmente se le prendi\u00f3 fuego su ropa y su esposa acudi\u00f3 para intentar sofocar las llamas con un fut\u00f3n.<\/p>\n<p style=\"text-align: justify;\">\u00abLa posici\u00f3n era inversa\u00bb, explic\u00f3 el perito, en base a las heridas recibidas por Taddei en sus senos, en el rostro y en el lado interno de los muslos, que indican que la mujer se encontraba sentada en el momento del hecho.<\/p>\n","protected":false},"excerpt":{"rendered":"<p>Un licenciado en criminal\u00edstica y un bombero negaron la posibilidad de que un cigarrillo encendido pudiera generar, en contacto con el alcohol, el fuego que provoc\u00f3 las heridas a la v\u00edctima y luego su muerte. La declaraci\u00f3n de los testigos complica la situaci\u00f3n del acusado. Dos peritos contradijeron hoy la versi\u00f3n del ex baterista del&hellip;<\/p>\n","protected":false},"author":1,"featured_media":0,"comment_status":"open","ping_status":"open","sticky":false,"template":"","format":"standard","meta":{"footnotes":""},"categories":[20],"tags":[1814,1816,2786,516,10572,2881,1815],"class_list":["post-21990","post","type-post","status-publish","format-standard","hentry","category-judiciales","tag-callejeros","tag-eduardo-vazquez","tag-heridas","tag-juicio-oral","tag-licenciado-criminalistica","tag-testigos","tag-wanda-taddei"],"_links":{"self":[{"href":"https:\/\/www.elsindical.com.ar\/notas\/wp-json\/wp\/v2\/posts\/21990","targetHints":{"allow":["GET"]}}],"collection":[{"href":"https:\/\/www.elsindical.com.ar\/notas\/wp-json\/wp\/v2\/posts"}],"about":[{"href":"https:\/\/www.elsindical.com.ar\/notas\/wp-json\/wp\/v2\/types\/post"}],"author":[{"embeddable":true,"href":"https:\/\/www.elsindical.com.ar\/notas\/wp-json\/wp\/v2\/users\/1"}],"replies":[{"embeddable":true,"href":"https:\/\/www.elsindical.com.ar\/notas\/wp-json\/wp\/v2\/comments?post=21990"}],"version-history":[{"count":2,"href":"https:\/\/www.elsindical.com.ar\/notas\/wp-json\/wp\/v2\/posts\/21990\/revisions"}],"predecessor-version":[{"id":21993,"href":"https:\/\/www.elsindical.com.ar\/notas\/wp-json\/wp\/v2\/posts\/21990\/revisions\/21993"}],"wp:attachment":[{"href":"https:\/\/www.elsindical.com.ar\/notas\/wp-json\/wp\/v2\/media?parent=21990"}],"wp:term":[{"taxonomy":"category","embeddable":true,"href":"https:\/\/www.elsindical.com.ar\/notas\/wp-json\/wp\/v2\/categories?post=21990"},{"taxonomy":"post_tag","embeddable":true,"href":"https:\/\/www.elsindical.com.ar\/notas\/wp-json\/wp\/v2\/tags?post=21990"}],"curies":[{"name":"wp","href":"https:\/\/api.w.org\/{rel}","templated":true}]}}