{"id":21901,"date":"2012-03-06T21:53:01","date_gmt":"2012-03-07T00:53:01","guid":{"rendered":"http:\/\/www.elsindical.com.ar\/notas\/?p=21901"},"modified":"2012-03-06T21:53:01","modified_gmt":"2012-03-07T00:53:01","slug":"san-cristobalasesinan-a-un-joven-de-dos-balazos","status":"publish","type":"post","link":"https:\/\/www.elsindical.com.ar\/notas\/san-cristobalasesinan-a-un-joven-de-dos-balazos\/","title":{"rendered":"San Crist\u00f3bal:Asesinan a un joven de dos balazos"},"content":{"rendered":"<p style=\"text-align: justify;\"><em><a href=\"http:\/\/www.elsindical.com.ar\/notas\/var\/www\/html\/notas\/wp-content\/uploads\/2012\/03\/asesinato-San-Crist\u00f3bal.jpg\"><img loading=\"lazy\" decoding=\"async\" class=\"alignleft size-medium wp-image-21902\" title=\"asesinato-San-Crist\u00f3bal\" src=\"http:\/\/www.elsindical.com.ar\/notas\/var\/www\/html\/notas\/wp-content\/uploads\/2012\/03\/asesinato-San-Crist\u00f3bal-300x199.jpg\" alt=\"\" width=\"300\" height=\"199\" srcset=\"https:\/\/www.elsindical.com.ar\/notas\/var\/www\/html\/notas\/wp-content\/uploads\/2012\/03\/asesinato-San-Crist\u00f3bal-300x199.jpg 300w, https:\/\/www.elsindical.com.ar\/notas\/var\/www\/html\/notas\/wp-content\/uploads\/2012\/03\/asesinato-San-Crist\u00f3bal.jpg 413w\" sizes=\"auto, (max-width: 300px) 100vw, 300px\" \/><\/a>El crimen se produjo tras una pelea que se habr\u00eda originado porque la v\u00edctima ten\u00eda el volumen de la m\u00fasica alto. Ocurri\u00f3 esta ma\u00f1ana en la esquina de Combate de los Pozos y Humberto Primo y el agresor est\u00e1 pr\u00f3fugo.<\/em><\/p>\n<p style=\"text-align: justify;\">Un joven de 25 a\u00f1os fue asesinado hoy de dos balazos en plena calle\u00a0 en el barrio porte\u00f1o de San Crist\u00f3bal por un hombre que tras el crimen\u00a0 escap\u00f3 corriendo.<\/p>\n<p style=\"text-align: justify;\">Seg\u00fan informaron fuentes policiales, el asesinato se produjo tras una\u00a0 pelea que se habr\u00eda originado porque la v\u00edctima ten\u00eda en su casa el\u00a0 volumen de la m\u00fasica alto, aunque seg\u00fan creen ya exist\u00edan problemas\u00a0 personales entre ellos.<\/p>\n<p style=\"text-align: justify;\">El homicidio ocurri\u00f3 a las 10:15 en la esquina de Combate de los\u00a0 Pozos y Humberto Primo, donde el joven de 25 a\u00f1os recibi\u00f3, en plena\u00a0 calle, un balazo en un hombro y otro en el pecho.<\/p>\n<p style=\"text-align: justify;\">Los voceros\u00a0 revelaron que todo se inici\u00f3 en una casa tomada situada en la calle\u00a0 Sarand\u00ed al 1.100 de San Crist\u00f3bal, habitada por siete familias, donde se\u00a0 registr\u00f3 una fuerte discusi\u00f3n entre el muchacho y el otro hombre en una\u00a0 de las piezas.<\/p>\n<p style=\"text-align: justify;\">Seg\u00fan pudo averiguar la polic\u00eda, la pelea entre las dos personas se\u00a0 habr\u00eda originado porque el joven ten\u00eda la m\u00fasica alta en su vivienda.\u00a0 Sin embargo, los investigadores de la comisar\u00eda 18 de la Polic\u00eda Federal\u00a0 sospechan que los dos habitantes ten\u00edan problemas personales de vieja\u00a0 data por causas que intentaban establecer.<\/p>\n<p style=\"text-align: justify;\">En medio de la discusi\u00f3n, el joven de 25 a\u00f1os tom\u00f3 un arma\u00a0 blanca y amenaz\u00f3 al otro hombre, quien a su vez extrajo de entre sus\u00a0 ropas una pistola calibre 9 mil\u00edmetros. En ese marco, el muchacho sali\u00f3\u00a0 corriendo de la vivienda para escapar, pero luego de correr una cuadra\u00a0 recibi\u00f3 de su atacante los dos balazos, en la esquina de Humberto Primo y\u00a0 Combate de los Pozos.<\/p>\n<p style=\"text-align: justify;\">Las fuentes indicaron que la v\u00edctima cay\u00f3 gravemente herida en\u00a0 la vereda y luego de escasos minutos falleci\u00f3 por uno de los tiros, el\u00a0 cual le produjo serias lesiones en el t\u00f3rax. Por su parte, el asesino\u00a0 escap\u00f3 corriendo y desapareci\u00f3 de la zona, aparentemente se fug\u00f3 hacia\u00a0 el sur del conurbano bonaerense, donde vivir\u00eda su familia.<\/p>\n<p style=\"text-align: justify;\">Por tal motivo, los investigadores de la comisar\u00eda 18 realizaban averiguaciones para tratar de localizar al homicida.<\/p>\n<p style=\"text-align: justify;\">\n<p style=\"text-align: justify;\">(Fuente: DyN)<\/p>\n","protected":false},"excerpt":{"rendered":"<p>El crimen se produjo tras una pelea que se habr\u00eda originado porque la v\u00edctima ten\u00eda el volumen de la m\u00fasica alto. Ocurri\u00f3 esta ma\u00f1ana en la esquina de Combate de los Pozos y Humberto Primo y el agresor est\u00e1 pr\u00f3fugo. Un joven de 25 a\u00f1os fue asesinado hoy de dos balazos en plena calle\u00a0 en&hellip;<\/p>\n","protected":false},"author":1,"featured_media":0,"comment_status":"open","ping_status":"open","sticky":false,"template":"","format":"standard","meta":{"footnotes":""},"categories":[22],"tags":[5371,786,894,30,2219,658,5196],"class_list":["post-21901","post","type-post","status-publish","format-standard","hentry","category-policiales","tag-arma-blanca","tag-balazos","tag-disparos","tag-policia","tag-porteno","tag-profugo","tag-san-cristobal"],"_links":{"self":[{"href":"https:\/\/www.elsindical.com.ar\/notas\/wp-json\/wp\/v2\/posts\/21901","targetHints":{"allow":["GET"]}}],"collection":[{"href":"https:\/\/www.elsindical.com.ar\/notas\/wp-json\/wp\/v2\/posts"}],"about":[{"href":"https:\/\/www.elsindical.com.ar\/notas\/wp-json\/wp\/v2\/types\/post"}],"author":[{"embeddable":true,"href":"https:\/\/www.elsindical.com.ar\/notas\/wp-json\/wp\/v2\/users\/1"}],"replies":[{"embeddable":true,"href":"https:\/\/www.elsindical.com.ar\/notas\/wp-json\/wp\/v2\/comments?post=21901"}],"version-history":[{"count":2,"href":"https:\/\/www.elsindical.com.ar\/notas\/wp-json\/wp\/v2\/posts\/21901\/revisions"}],"predecessor-version":[{"id":21904,"href":"https:\/\/www.elsindical.com.ar\/notas\/wp-json\/wp\/v2\/posts\/21901\/revisions\/21904"}],"wp:attachment":[{"href":"https:\/\/www.elsindical.com.ar\/notas\/wp-json\/wp\/v2\/media?parent=21901"}],"wp:term":[{"taxonomy":"category","embeddable":true,"href":"https:\/\/www.elsindical.com.ar\/notas\/wp-json\/wp\/v2\/categories?post=21901"},{"taxonomy":"post_tag","embeddable":true,"href":"https:\/\/www.elsindical.com.ar\/notas\/wp-json\/wp\/v2\/tags?post=21901"}],"curies":[{"name":"wp","href":"https:\/\/api.w.org\/{rel}","templated":true}]}}