{"id":21893,"date":"2012-03-06T10:58:56","date_gmt":"2012-03-06T13:58:56","guid":{"rendered":"http:\/\/www.elsindical.com.ar\/notas\/?p=21893"},"modified":"2012-03-06T10:58:56","modified_gmt":"2012-03-06T13:58:56","slug":"continua-la-busqueda-de-rocio-zarlenga","status":"publish","type":"post","link":"https:\/\/www.elsindical.com.ar\/notas\/continua-la-busqueda-de-rocio-zarlenga\/","title":{"rendered":"Contin\u00faa la b\u00fasqueda de Roc\u00edo Zarlenga"},"content":{"rendered":"<p style=\"text-align: justify;\"><em><a href=\"http:\/\/www.elsindical.com.ar\/notas\/var\/www\/html\/notas\/wp-content\/uploads\/2012\/03\/Roc\u00edo-Zarlenga.jpg\"><img loading=\"lazy\" decoding=\"async\" class=\"alignleft size-medium wp-image-21894\" title=\"Roc\u00edo-Zarlenga\" src=\"http:\/\/www.elsindical.com.ar\/notas\/var\/www\/html\/notas\/wp-content\/uploads\/2012\/03\/Roc\u00edo-Zarlenga-300x225.jpg\" alt=\"\" width=\"300\" height=\"225\" srcset=\"https:\/\/www.elsindical.com.ar\/notas\/var\/www\/html\/notas\/wp-content\/uploads\/2012\/03\/Roc\u00edo-Zarlenga-300x225.jpg 300w, https:\/\/www.elsindical.com.ar\/notas\/var\/www\/html\/notas\/wp-content\/uploads\/2012\/03\/Roc\u00edo-Zarlenga.jpg 413w\" sizes=\"auto, (max-width: 300px) 100vw, 300px\" \/><\/a>Se cumplieron dos meses de la desaparici\u00f3n de Roc\u00edo Zarlenga y su paradero sigue siendo incierto. Se trata de la nena de 13 a\u00f1os, oriunda de Alejandro Korn, que fue vista por \u00faltima vez el 27 de diciembre luego de asistir a una fiesta en la localidad de Guernica justo al hermanastro de su madre. Es que, pese a los operativos de b\u00fasqueda llevados a cabo por el Registro Provincial de Informaci\u00f3n de Menores Extraviados y la difusi\u00f3n de su foto por parte de las asociaciones de ni\u00f1os perdidos, todav\u00eda no hay pistas de ella y la desesperaci\u00f3n de su familia crece. \u201cSeguimos realizando la campa\u00f1a confiando en que aparecer\u00e1 pronto alg\u00fan dato\u201d, expres\u00f3\u00a0Adriana Sellan voluntaria de Missing Children.<\/em><\/p>\n<p style=\"text-align: justify;\">Contin\u00faa la b\u00fasqueda de Roc\u00edo Zarlenga en la regi\u00f3n. Se trata de la ni\u00f1a de 13 a\u00f1os, oriunda de la localidad de Alejandro Korn, que desapareci\u00f3 el 27 de diciembre en Guernica luego de haber asistido a una fiesta junto al hermanastro de su madre, quien resulta ser el principal sospechoso.<\/p>\n<p style=\"text-align: justify;\">Su paradero -hasta el momento- es un misterio ya que desde ese d\u00eda su familia no supo m\u00e1s nada de ella ni recibi\u00f3 ninguna comunicaci\u00f3n por parte de la menor o el adulto de quien estaba a cargo, identificado como Dar\u00edo Su\u00e1rez, de 30 a\u00f1os. \u201cYa pasaron dos meses desde la desaparici\u00f3n de Roc\u00edo y todav\u00eda no hay novedades ni ninguna pista de donde pueda estar\u201d, confirm\u00f3 Sellan voluntaria de la organizaci\u00f3n Missing Children.<\/p>\n<p style=\"text-align: justify;\">Es que, seg\u00fan los \u00faltimos datos de la investigaci\u00f3n, la nena hab\u00eda salido de su casa acompa\u00f1ada por Su\u00e1rez para asistir a una fiesta en la localidad de Guernica. Sin embargo, esa noche la menor nunca regres\u00f3 a su hogar.<\/p>\n<p style=\"text-align: justify;\">El caso lo lleva adelante el Registro Provincial de Informaci\u00f3n de Menores Extraviados que junto con las asociaciones de ni\u00f1os perdidos realizan campa\u00f1as de concientizaci\u00f3n y difusi\u00f3n de la imagen de Roc\u00edo en las zonas de mayor tr\u00e1nsito de personas con la confianza de que alguien pueda aportar alg\u00fan dato que ayude a la investigaci\u00f3n.<\/p>\n<p style=\"text-align: justify;\">\u201cNosotros siempre acompa\u00f1amos a las familias desde la difusi\u00f3n, de acercar el caso a quienes no la conocen para que est\u00e9n atentos y de estar siempre pendiente a las novedades que vayan surgiendo. Hablamos con cada uno de los padres de los ni\u00f1os perdidos para estar al tanto de las \u00faltimas pistas y poder as\u00ed orientar la b\u00fasqueda\u201d, destac\u00f3 Sellen.<\/p>\n<p style=\"text-align: justify;\">Lo cierto es que, pese a los operativos policiales que se realizaron en un principio y los rastreos de menores realizados por el Registro Provincial, Roc\u00edo sigue sin aparecer y las hip\u00f3tesis apuntan al hermanastro de la madre, ya que, seg\u00fan explic\u00f3 la familia, al pasar las horas y ver que la nena no volv\u00eda, fueron a la casa de Su\u00e1rez y descubrieron que ni \u00e9l ni sus dos hijos, de 3 y 6 a\u00f1os, estaban en la vivienda.<\/p>\n<p style=\"text-align: justify;\">\u201cLa familia inform\u00f3 que se hab\u00edan llevado la ropa y otros objetos\u201d, hab\u00edan contado a este medio desde la comisar\u00eda de Alejandro Korn, donde se radic\u00f3 la denuncia. En tanto, el caso pareci\u00f3 complicarse a\u00fan m\u00e1s cuando fuentes judiciales confirmaron que el adulto tiene antecedentes penales.<\/p>\n<p style=\"text-align: justify;\">A partir de las declaraciones de los vecinos y familiares, se apunt\u00f3 a Su\u00e1rez como el principal sospechoso de haberla secuestrado y el Juzgado de Garant\u00edas del Joven 2 del Departamento Judicial de La Plata, que lleva adelante la causa, investiga si est\u00e1 vinculado a una red de trata.<\/p>\n<p style=\"text-align: justify;\">En la regi\u00f3n, adem\u00e1s de Roc\u00edo, hay todav\u00eda ocho chicos sin aparecer y la esperanza de las familias comienza a desvanecerse ante la falta de informaci\u00f3n sobre sus paraderos o de pista para orientar la b\u00fasqueda.<\/p>\n<p style=\"text-align: justify;\">Desde Missing Children, Adriana destac\u00f3 que \u201ccuando hay alg\u00fan problema en la familia, alguna discusi\u00f3n o conflicto por los novios\/as que no les gustan a los padres, se generan este tipo de situaciones\u201d. Y agreg\u00f3: \u201cLos chicos lo toman como una salida a los problemas irse de la casa. Muchos de ellos han probado irse un d\u00eda y vuelven, entonces, una vez que lo deciden saben donde van a ir no se van directamente a la calle. Ah\u00ed es donde hay que esta atentos\u201d.<\/p>\n<p style=\"text-align: justify;\">Entre los perdidos figuran: Esteban Jonathan Zamudio (16 a\u00f1os), de Ezeiza, desapareci\u00f3 el 23 de Febrero de 2012. Carolina Andrea Torres (13 a\u00f1os), es de Almirante Brown, desapareci\u00f3 el 1 de Mayo de 2010. Juan Gabriel Meza (24 a\u00f1os\/ Padece discapacidad mental), es de Monte Grande, desapareci\u00f3 el 2 de Febrero de 2010.<\/p>\n<p style=\"text-align: justify;\">Mariano Joel Li\u00f1an (16), es de Avellaneda, desapareci\u00f3 el 8 de Noviembre de 2009. Pablo Sebasti\u00e1n Costa (14 a\u00f1os), es de Lomas de Zamora, desapareci\u00f3 el 31 de Diciembre de 2008. Alan Solis (17), desapareci\u00f3 el 17 de Junio de 2005, es de Jose Marmol.<\/p>\n<p style=\"text-align: justify;\">Mariana Teresa Monroy (16), es de Lan\u00fas, desapareci\u00f3 el 23 de Octubre de 2001. Rub\u00e9n Dar\u00edo Calvo (15), es de Lanus, despareci\u00f3 el 23 de Octubre de 2001. (Todos los nombrados presentan sus edades actuales).<\/p>\n<p style=\"text-align: justify;\">Quienes puedan aportar alg\u00fan dato sobre Roc\u00edo Zarlenga pueden llamar a la Defensor\u00eda Penal Juvenil del Departamento Judicial de La Plata al 0221-156221563. En tanto, para aportar informaci\u00f3n sobre los dem\u00e1s menores perdidos pueden contactarse con Missing Children al 0800-3335500.<\/p>\n","protected":false},"excerpt":{"rendered":"<p>Se cumplieron dos meses de la desaparici\u00f3n de Roc\u00edo Zarlenga y su paradero sigue siendo incierto. Se trata de la nena de 13 a\u00f1os, oriunda de Alejandro Korn, que fue vista por \u00faltima vez el 27 de diciembre luego de asistir a una fiesta en la localidad de Guernica justo al hermanastro de su madre.&hellip;<\/p>\n","protected":false},"author":1,"featured_media":0,"comment_status":"open","ping_status":"open","sticky":false,"template":"","format":"standard","meta":{"footnotes":""},"categories":[25],"tags":[2971,973,3850,10491,10538],"class_list":["post-21893","post","type-post","status-publish","format-standard","hentry","category-sociedad","tag-alejandro-korn","tag-desaparecida","tag-guernica","tag-missing-children","tag-registro-provincial"],"_links":{"self":[{"href":"https:\/\/www.elsindical.com.ar\/notas\/wp-json\/wp\/v2\/posts\/21893","targetHints":{"allow":["GET"]}}],"collection":[{"href":"https:\/\/www.elsindical.com.ar\/notas\/wp-json\/wp\/v2\/posts"}],"about":[{"href":"https:\/\/www.elsindical.com.ar\/notas\/wp-json\/wp\/v2\/types\/post"}],"author":[{"embeddable":true,"href":"https:\/\/www.elsindical.com.ar\/notas\/wp-json\/wp\/v2\/users\/1"}],"replies":[{"embeddable":true,"href":"https:\/\/www.elsindical.com.ar\/notas\/wp-json\/wp\/v2\/comments?post=21893"}],"version-history":[{"count":1,"href":"https:\/\/www.elsindical.com.ar\/notas\/wp-json\/wp\/v2\/posts\/21893\/revisions"}],"predecessor-version":[{"id":21895,"href":"https:\/\/www.elsindical.com.ar\/notas\/wp-json\/wp\/v2\/posts\/21893\/revisions\/21895"}],"wp:attachment":[{"href":"https:\/\/www.elsindical.com.ar\/notas\/wp-json\/wp\/v2\/media?parent=21893"}],"wp:term":[{"taxonomy":"category","embeddable":true,"href":"https:\/\/www.elsindical.com.ar\/notas\/wp-json\/wp\/v2\/categories?post=21893"},{"taxonomy":"post_tag","embeddable":true,"href":"https:\/\/www.elsindical.com.ar\/notas\/wp-json\/wp\/v2\/tags?post=21893"}],"curies":[{"name":"wp","href":"https:\/\/api.w.org\/{rel}","templated":true}]}}