{"id":21844,"date":"2012-03-03T21:47:13","date_gmt":"2012-03-04T00:47:13","guid":{"rendered":"http:\/\/www.elsindical.com.ar\/notas\/?p=21844"},"modified":"2012-03-03T21:47:13","modified_gmt":"2012-03-04T00:47:13","slug":"gremios-docentes-bonaerenses-ratificaron-el-paro-para-martes-y-miercoles","status":"publish","type":"post","link":"https:\/\/www.elsindical.com.ar\/notas\/gremios-docentes-bonaerenses-ratificaron-el-paro-para-martes-y-miercoles\/","title":{"rendered":"Gremios docentes bonaerenses ratificaron el paro para martes y mi\u00e9rcoles"},"content":{"rendered":"<p style=\"text-align: justify;\"><em><a href=\"http:\/\/www.elsindical.com.ar\/notas\/var\/www\/html\/notas\/wp-content\/uploads\/2012\/03\/gremialistas-docentes.jpg\"><img loading=\"lazy\" decoding=\"async\" class=\"alignleft size-medium wp-image-21845\" title=\"gremialistas-docentes\" src=\"http:\/\/www.elsindical.com.ar\/notas\/var\/www\/html\/notas\/wp-content\/uploads\/2012\/03\/gremialistas-docentes-300x225.jpg\" alt=\"\" width=\"300\" height=\"225\" srcset=\"https:\/\/www.elsindical.com.ar\/notas\/var\/www\/html\/notas\/wp-content\/uploads\/2012\/03\/gremialistas-docentes-300x225.jpg 300w, https:\/\/www.elsindical.com.ar\/notas\/var\/www\/html\/notas\/wp-content\/uploads\/2012\/03\/gremialistas-docentes.jpg 413w\" sizes=\"auto, (max-width: 300px) 100vw, 300px\" \/><\/a>Representantes de los distintos sindicatos locales coincidieron en reclamar un <strong>sueldo de $3.000 para un docente sin antig\u00fcedad en jornada simple<\/strong>. Ayer rechazaron la<strong> oferta de $2.850<\/strong>. <strong>Sileoni dijo que \u00abhay maestros que seguir\u00edan de paro aunque ganen $10 mil\u00bb.<\/strong><\/em><\/p>\n<p style=\"text-align: justify;\">El jefe de Suteba, <strong>Roberto Baradel<\/strong>, cuestion\u00f3 que el gobierno no pueda explicar por qu\u00e9 los docentes \u00ab<strong>no pueden acceder a un salario de 3.000 pesos. Es un 29 por ciento de aumento de un salario de 2.340 pesos, no de un salario de 10.000 o 15.000 pesos<\/strong>\u00ab.<\/p>\n<p style=\"text-align: justify;\">\u00ab<strong>Nosotros estamos planteando jornada simple, 3.000 pesos y 6.000 para el docente de jornada completa<\/strong>\u00ab, precis\u00f3. Baradel record\u00f3 que desde noviembre vienen reclamando \u00abdi\u00e1logo\u00bb y la apertura de paritarias al gobierno bonaerense.<\/p>\n<p style=\"text-align: justify;\">El jefe del gremio Udocba, <strong>Miguel D\u00edaz<\/strong>, advirti\u00f3 por su parte que \u00ab<strong>todo indica que el conflicto va a seguir<\/strong>\u00bb en la provincia de Buenos Aires al no haber \u00abninguna oferta en serio\u00bb de la administraci\u00f3n de Daniel Scioli.<\/p>\n<p style=\"text-align: justify;\">\u00ab<strong>Estamos por debajo de todos<\/strong>\u00ab, indic\u00f3 el sindicalista en declaraciones radiales. D\u00edaz explic\u00f3 que la discusi\u00f3n salarial no se destrabar hasta que se termine con el salario negro\u00bb. \u00ab<strong>De los 2.850 pesos ofrecidos 1.450 son en blanco, los 1.330 restantes van a ser en negro<\/strong>\u00ab, asegur\u00f3.<\/p>\n<p style=\"text-align: justify;\">Por su parte, la titular de la FEB, <strong>Mirta Petroncini<\/strong>, aclar\u00f3: \u00abPrimero vamos por la reuni\u00f3n, ayer nos hicieron una oferta que no vari\u00f3 de la anterior y fue rechazada. <strong>Si conseguimos alguna variaci\u00f3n, se convoc\u00f3 al lunes a una reuni\u00f3n, de volver a fracasar, vamos al paro martes y mi\u00e9rcoles<\/strong>, despu\u00e9s veremos el desarrollo de la situaci\u00f3n y cada organizaci\u00f3n implementar\u00e1 lo suyo, el lunes hay una reuni\u00f3n de comisi\u00f3n t\u00e9cnica y no hay paro.\u00bb<\/p>\n","protected":false},"excerpt":{"rendered":"<p>Representantes de los distintos sindicatos locales coincidieron en reclamar un sueldo de $3.000 para un docente sin antig\u00fcedad en jornada simple. Ayer rechazaron la oferta de $2.850. Sileoni dijo que \u00abhay maestros que seguir\u00edan de paro aunque ganen $10 mil\u00bb. El jefe de Suteba, Roberto Baradel, cuestion\u00f3 que el gobierno no pueda explicar por qu\u00e9&hellip;<\/p>\n","protected":false},"author":1,"featured_media":0,"comment_status":"open","ping_status":"open","sticky":false,"template":"","format":"standard","meta":{"footnotes":""},"categories":[16],"tags":[154,983,497,1422,5496,10519,67,7138,5204,4475],"class_list":["post-21844","post","type-post","status-publish","format-standard","hentry","category-gremiales","tag-buenos-aires","tag-daniel-scioli","tag-docentes","tag-feb","tag-miguel-diaz","tag-mirta-petroncini","tag-paro","tag-roberto-baradel","tag-suteba","tag-udocba"],"_links":{"self":[{"href":"https:\/\/www.elsindical.com.ar\/notas\/wp-json\/wp\/v2\/posts\/21844","targetHints":{"allow":["GET"]}}],"collection":[{"href":"https:\/\/www.elsindical.com.ar\/notas\/wp-json\/wp\/v2\/posts"}],"about":[{"href":"https:\/\/www.elsindical.com.ar\/notas\/wp-json\/wp\/v2\/types\/post"}],"author":[{"embeddable":true,"href":"https:\/\/www.elsindical.com.ar\/notas\/wp-json\/wp\/v2\/users\/1"}],"replies":[{"embeddable":true,"href":"https:\/\/www.elsindical.com.ar\/notas\/wp-json\/wp\/v2\/comments?post=21844"}],"version-history":[{"count":1,"href":"https:\/\/www.elsindical.com.ar\/notas\/wp-json\/wp\/v2\/posts\/21844\/revisions"}],"predecessor-version":[{"id":21846,"href":"https:\/\/www.elsindical.com.ar\/notas\/wp-json\/wp\/v2\/posts\/21844\/revisions\/21846"}],"wp:attachment":[{"href":"https:\/\/www.elsindical.com.ar\/notas\/wp-json\/wp\/v2\/media?parent=21844"}],"wp:term":[{"taxonomy":"category","embeddable":true,"href":"https:\/\/www.elsindical.com.ar\/notas\/wp-json\/wp\/v2\/categories?post=21844"},{"taxonomy":"post_tag","embeddable":true,"href":"https:\/\/www.elsindical.com.ar\/notas\/wp-json\/wp\/v2\/tags?post=21844"}],"curies":[{"name":"wp","href":"https:\/\/api.w.org\/{rel}","templated":true}]}}