{"id":21765,"date":"2012-02-29T16:19:15","date_gmt":"2012-02-29T19:19:15","guid":{"rendered":"http:\/\/www.elsindical.com.ar\/notas\/?p=21765"},"modified":"2012-02-29T16:19:15","modified_gmt":"2012-02-29T19:19:15","slug":"internaron-a-juan-pablo-schiavi","status":"publish","type":"post","link":"https:\/\/www.elsindical.com.ar\/notas\/internaron-a-juan-pablo-schiavi\/","title":{"rendered":"Internaron a Juan Pablo Schiavi"},"content":{"rendered":"<p><em><a href=\"http:\/\/www.elsindical.com.ar\/notas\/var\/www\/html\/notas\/wp-content\/uploads\/2012\/02\/Juan-Pablo-Schiavi.jpg\"><img loading=\"lazy\" decoding=\"async\" class=\"alignleft size-medium wp-image-21767\" title=\"Juan-Pablo-Schiavi\" src=\"http:\/\/www.elsindical.com.ar\/notas\/var\/www\/html\/notas\/wp-content\/uploads\/2012\/02\/Juan-Pablo-Schiavi-300x180.jpg\" alt=\"\" width=\"300\" height=\"180\" srcset=\"https:\/\/www.elsindical.com.ar\/notas\/var\/www\/html\/notas\/wp-content\/uploads\/2012\/02\/Juan-Pablo-Schiavi-300x180.jpg 300w, https:\/\/www.elsindical.com.ar\/notas\/var\/www\/html\/notas\/wp-content\/uploads\/2012\/02\/Juan-Pablo-Schiavi.jpg 413w\" sizes=\"auto, (max-width: 300px) 100vw, 300px\" \/><\/a>El Secretario de Transporte de la Naci\u00f3n fue ingresado de urgencia en el Sanatorio Fleni por un \u00abdolor en el pecho\u00bb. El ingreso a la cl\u00ednica tuvo lugar esta ma\u00f1ana.<\/em><\/p>\n<p>El Secretario de Transporte de la Naci\u00f3n, Juan Pablo Schiavi, fue internado de urgencia en el Sanatorio Fleni, de la Ciudad de Buenos Aires.<\/p>\n<p>Seg\u00fan trascendi\u00f3, el funcionario se descompuso en la sede del Ministerio de Planificaci\u00f3n, Econom\u00eda e Industria, y fue asistido.<\/p>\n<p>\u00abUn dolor en el pecho\u00bb, ser\u00eda la causa de su internaci\u00f3n en el Fleni, le practican una serie de estudios para determinar cu\u00e1l es la situaci\u00f3n.<\/p>\n","protected":false},"excerpt":{"rendered":"<p>El Secretario de Transporte de la Naci\u00f3n fue ingresado de urgencia en el Sanatorio Fleni por un \u00abdolor en el pecho\u00bb. El ingreso a la cl\u00ednica tuvo lugar esta ma\u00f1ana. El Secretario de Transporte de la Naci\u00f3n, Juan Pablo Schiavi, fue internado de urgencia en el Sanatorio Fleni, de la Ciudad de Buenos Aires. Seg\u00fan&hellip;<\/p>\n","protected":false},"author":1,"featured_media":0,"comment_status":"open","ping_status":"open","sticky":false,"template":"","format":"standard","meta":{"footnotes":""},"categories":[13],"tags":[10477,5633,10479,10478],"class_list":["post-21765","post","type-post","status-publish","format-standard","hentry","category-politica","tag-clinica-fleni","tag-juan-pablo-schiavi","tag-ministerio-de-planificacion","tag-secretario-de-transporte-de-la-nacion"],"_links":{"self":[{"href":"https:\/\/www.elsindical.com.ar\/notas\/wp-json\/wp\/v2\/posts\/21765","targetHints":{"allow":["GET"]}}],"collection":[{"href":"https:\/\/www.elsindical.com.ar\/notas\/wp-json\/wp\/v2\/posts"}],"about":[{"href":"https:\/\/www.elsindical.com.ar\/notas\/wp-json\/wp\/v2\/types\/post"}],"author":[{"embeddable":true,"href":"https:\/\/www.elsindical.com.ar\/notas\/wp-json\/wp\/v2\/users\/1"}],"replies":[{"embeddable":true,"href":"https:\/\/www.elsindical.com.ar\/notas\/wp-json\/wp\/v2\/comments?post=21765"}],"version-history":[{"count":2,"href":"https:\/\/www.elsindical.com.ar\/notas\/wp-json\/wp\/v2\/posts\/21765\/revisions"}],"predecessor-version":[{"id":21768,"href":"https:\/\/www.elsindical.com.ar\/notas\/wp-json\/wp\/v2\/posts\/21765\/revisions\/21768"}],"wp:attachment":[{"href":"https:\/\/www.elsindical.com.ar\/notas\/wp-json\/wp\/v2\/media?parent=21765"}],"wp:term":[{"taxonomy":"category","embeddable":true,"href":"https:\/\/www.elsindical.com.ar\/notas\/wp-json\/wp\/v2\/categories?post=21765"},{"taxonomy":"post_tag","embeddable":true,"href":"https:\/\/www.elsindical.com.ar\/notas\/wp-json\/wp\/v2\/tags?post=21765"}],"curies":[{"name":"wp","href":"https:\/\/api.w.org\/{rel}","templated":true}]}}