{"id":21653,"date":"2012-02-24T12:08:29","date_gmt":"2012-02-24T15:08:29","guid":{"rendered":"http:\/\/www.elsindical.com.ar\/notas\/?p=21653"},"modified":"2012-02-24T12:08:52","modified_gmt":"2012-02-24T15:08:52","slug":"oncereabren-la-calle-bartolome-mitre-frente-a-cromanon","status":"publish","type":"post","link":"https:\/\/www.elsindical.com.ar\/notas\/oncereabren-la-calle-bartolome-mitre-frente-a-cromanon\/","title":{"rendered":"Once:Reabren la calle Bartolom\u00e9 Mitre, frente a Croma\u00f1on"},"content":{"rendered":"<p style=\"text-align: justify;\"><em><a href=\"http:\/\/www.elsindical.com.ar\/notas\/var\/www\/html\/notas\/wp-content\/uploads\/2012\/02\/calle-Bme.-Mitre.jpg\"><img loading=\"lazy\" decoding=\"async\" class=\"alignleft size-medium wp-image-21654\" title=\"calle-Bme.-Mitre\" src=\"http:\/\/www.elsindical.com.ar\/notas\/var\/www\/html\/notas\/wp-content\/uploads\/2012\/02\/calle-Bme.-Mitre-300x206.jpg\" alt=\"\" width=\"300\" height=\"206\" srcset=\"https:\/\/www.elsindical.com.ar\/notas\/var\/www\/html\/notas\/wp-content\/uploads\/2012\/02\/calle-Bme.-Mitre-300x206.jpg 300w, https:\/\/www.elsindical.com.ar\/notas\/var\/www\/html\/notas\/wp-content\/uploads\/2012\/02\/calle-Bme.-Mitre.jpg 413w\" sizes=\"auto, (max-width: 300px) 100vw, 300px\" \/><\/a>Esta ma\u00f1ana comenzaron los trabajos en el lugar para cumplir con una orden judicial. Van a derribar el muro del ferrocarril y utilizar la plaza ubicada a un costado del santuario, que seguir\u00e1 en el mismo lugar. El ministro de Espacio P\u00fablico porte\u00f1o, Diego Santilli, dijo que las tareas llevar\u00e1n una semana.<\/em><\/p>\n<p style=\"text-align: justify;\">Efectivos de la Polic\u00eda Metropolitana y personal de Ministerio de Espacio P\u00fablico porte\u00f1o llegaron esta ma\u00f1ana a la calle Bartolom\u00e9 Mitre al 3.300, donde funcionaba el boliche Croma\u00f1\u00f3n, en el que murieron 194 personas, con la orden de reabrir el tr\u00e1nsito, tal como estableci\u00f3 la Justicia. Esto ocurre a dos d\u00edas de la tragedia en el Sarmiento, que reabri\u00f3 la pol\u00e9mica a ra\u00edz de las dificultades para la llegada de las ambulancias.<\/p>\n<p style=\"text-align: justify;\">El ministro de Espacio P\u00fablico, Diego Santilli dijo que se respetar\u00e1 el emplazamiento del santuario y que se har\u00e1 un peque\u00f1o desv\u00edo por la plaza seca, ubicada detr\u00e1s del pared\u00f3n del ferrocarril. Adem\u00e1s, el funcionario sostuvo que todo fue \u00abconsensuado con familiares\u00bb de las v\u00edctimas.<\/p>\n<p style=\"text-align: justify;\">\u00abHay un acuerdo con los familiares de Croma\u00f1on y vamos a hacer la obra que est\u00e1 pactada con ellos. Tenemos que abrir la calle Bartolom\u00e9 Mitre siguiendo este acuerdo\u00bb, indic\u00f3 Santilli. Y agreg\u00f3: \u00abEl objetivo es que la semana que viene se reabra Mitre\u00bb.<\/p>\n<p style=\"text-align: justify;\">Apenas una hora despu\u00e9s que se inici\u00f3 el operativo, comenzaron a llegar al lugar los familiares. \u201cEstoy a favor que se reabra el tr\u00e1nsito siempre y cuando respeten el santuario\u201d, dijo Nilda G\u00f3mez, mam\u00e1 de una de las v\u00edctimas.<\/p>\n<p style=\"text-align: justify;\">La calle est\u00e1 intransitable desde el 30 de diciembre de 2004 cuando ocurri\u00f3 la tragedia y su reapertura a\u00fan era resistida por un sector minoritario de los familiares de las v\u00edctimas. Pero la tragedia ferroviaria de Once, donde hasta el momento hay 50 muertos y m\u00e1s de 700 heridos, reabri\u00f3 la discusi\u00f3n sobre esa arteria cortada, ya que complic\u00f3 parte de las tareas de evacuaci\u00f3n de heridos y v\u00edctimas.<\/p>\n","protected":false},"excerpt":{"rendered":"<p>Esta ma\u00f1ana comenzaron los trabajos en el lugar para cumplir con una orden judicial. Van a derribar el muro del ferrocarril y utilizar la plaza ubicada a un costado del santuario, que seguir\u00e1 en el mismo lugar. El ministro de Espacio P\u00fablico porte\u00f1o, Diego Santilli, dijo que las tareas llevar\u00e1n una semana. Efectivos de la&hellip;<\/p>\n","protected":false},"author":1,"featured_media":0,"comment_status":"open","ping_status":"open","sticky":false,"template":"","format":"standard","meta":{"footnotes":""},"categories":[25],"tags":[756,10432,6490,1629,964,10431],"class_list":["post-21653","post","type-post","status-publish","format-standard","hentry","category-sociedad","tag-diego-santilli","tag-espacio-publico","tag-ferrocarril","tag-once","tag-policia-metropolitana","tag-santuario"],"_links":{"self":[{"href":"https:\/\/www.elsindical.com.ar\/notas\/wp-json\/wp\/v2\/posts\/21653","targetHints":{"allow":["GET"]}}],"collection":[{"href":"https:\/\/www.elsindical.com.ar\/notas\/wp-json\/wp\/v2\/posts"}],"about":[{"href":"https:\/\/www.elsindical.com.ar\/notas\/wp-json\/wp\/v2\/types\/post"}],"author":[{"embeddable":true,"href":"https:\/\/www.elsindical.com.ar\/notas\/wp-json\/wp\/v2\/users\/1"}],"replies":[{"embeddable":true,"href":"https:\/\/www.elsindical.com.ar\/notas\/wp-json\/wp\/v2\/comments?post=21653"}],"version-history":[{"count":2,"href":"https:\/\/www.elsindical.com.ar\/notas\/wp-json\/wp\/v2\/posts\/21653\/revisions"}],"predecessor-version":[{"id":21656,"href":"https:\/\/www.elsindical.com.ar\/notas\/wp-json\/wp\/v2\/posts\/21653\/revisions\/21656"}],"wp:attachment":[{"href":"https:\/\/www.elsindical.com.ar\/notas\/wp-json\/wp\/v2\/media?parent=21653"}],"wp:term":[{"taxonomy":"category","embeddable":true,"href":"https:\/\/www.elsindical.com.ar\/notas\/wp-json\/wp\/v2\/categories?post=21653"},{"taxonomy":"post_tag","embeddable":true,"href":"https:\/\/www.elsindical.com.ar\/notas\/wp-json\/wp\/v2\/tags?post=21653"}],"curies":[{"name":"wp","href":"https:\/\/api.w.org\/{rel}","templated":true}]}}