{"id":21643,"date":"2012-02-24T01:44:28","date_gmt":"2012-02-24T04:44:28","guid":{"rendered":"http:\/\/www.elsindical.com.ar\/notas\/?p=21643"},"modified":"2012-02-24T01:44:28","modified_gmt":"2012-02-24T04:44:28","slug":"el-marido-de-la-joven-embarazada-es-una-de-las-50-victimas","status":"publish","type":"post","link":"https:\/\/www.elsindical.com.ar\/notas\/el-marido-de-la-joven-embarazada-es-una-de-las-50-victimas\/","title":{"rendered":"El marido de la joven embarazada es una de las 50 v\u00edctimas"},"content":{"rendered":"<p style=\"text-align: justify;\"><em><a href=\"http:\/\/www.elsindical.com.ar\/notas\/var\/www\/html\/notas\/wp-content\/uploads\/2012\/02\/Alberto-Garc\u00eda-y-esposa-embarazada.jpg\"><img loading=\"lazy\" decoding=\"async\" class=\"alignleft size-medium wp-image-21644\" title=\"Alberto-Garc\u00eda-y-esposa-embarazada\" src=\"http:\/\/www.elsindical.com.ar\/notas\/var\/www\/html\/notas\/wp-content\/uploads\/2012\/02\/Alberto-Garc\u00eda-y-esposa-embarazada-300x254.jpg\" alt=\"\" width=\"300\" height=\"254\" srcset=\"https:\/\/www.elsindical.com.ar\/notas\/var\/www\/html\/notas\/wp-content\/uploads\/2012\/02\/Alberto-Garc\u00eda-y-esposa-embarazada-300x254.jpg 300w, https:\/\/www.elsindical.com.ar\/notas\/var\/www\/html\/notas\/wp-content\/uploads\/2012\/02\/Alberto-Garc\u00eda-y-esposa-embarazada.jpg 413w\" sizes=\"auto, (max-width: 300px) 100vw, 300px\" \/><\/a>Familiares de Alberto Garc\u00eda reconocieron el cuerpo. Su mujer, embarazada de nueve meses, debi\u00f3 ser sedada tras el estr\u00e9s que le produjo la b\u00fasqueda. Su historia conmocion\u00f3 a la opini\u00f3n p\u00fablica esta ma\u00f1ana.<\/em><\/p>\n<p style=\"text-align: justify;\">Cualquiera que desde anoche ve\u00eda en los noticieros a la gente que buscaba a sus familiares de hospital en hospital, no pudo evitar estremecerse ante el relato de la mujer embarazada de nueve meses que no encontraba a su marido por ning\u00fan lado&#8230; Finalmente, sus familiares lo hallaron: reconocieron el cuerpo de Alberto David Garc\u00eda, de 43 a\u00f1os, en la morgue como una de las v\u00edctimas del choque del tren en Once.<\/p>\n<p style=\"text-align: justify;\">Estela, su mujer, est\u00e1 en su casa, medicada a causa del estr\u00e9s vivido tras pasar toda la noche recorriendo hospitales con su padre y su suegro, y pidiendo por lo medios de comunicaci\u00f3n que alguien la ayude.<\/p>\n<p style=\"text-align: justify;\">\u201cLo llam\u00e1bamos al celular y sonaba, sonaba\u2026 Hasta la medianoche son\u00f3. Despu\u00e9s ya no\u201d, dec\u00eda hoy por la ma\u00f1ana visiblemente angustiada. Y contaba que su marido sol\u00eda viajar en auto al trabaja desde Mor\u00f3n, pero como ayer \u201cten\u00eda que tomar ex\u00e1menes a la noche, se fue en tren\u201d.<\/p>\n<p style=\"text-align: justify;\">El hombre, ingeniero en sistemas y que trabajaba en esa \u00e1rea de la Universidad Di Tella, viajaba ayer por primera vez en tren rumbo al trabajo. Y su mujer explicaba: \u201cYo le dec\u00eda que siguiera yendo en el coche pero \u00e9l me insist\u00eda en que tardaba menos haciendo tren y subte y que, adem\u00e1s, se ahorraba el dinero del estacionamiento\u201d.<\/p>\n<p style=\"text-align: justify;\">Luego de su relato de esta ma\u00f1ana, la mujer se hab\u00eda reunido con el director del hospital Ramos Mej\u00eda, quien pasado el mediod\u00eda le indic\u00f3 la internaci\u00f3n por el cuadro de gran stress y cansancio, confirm\u00f3 la madre.<\/p>\n<p style=\"text-align: justify;\">M\u00e1s tarde, se conoci\u00f3 la triste noticia: su marido era una de las 50 v\u00edctimas fatales de la tragedia de Once.<\/p>\n","protected":false},"excerpt":{"rendered":"<p>Familiares de Alberto Garc\u00eda reconocieron el cuerpo. Su mujer, embarazada de nueve meses, debi\u00f3 ser sedada tras el estr\u00e9s que le produjo la b\u00fasqueda. Su historia conmocion\u00f3 a la opini\u00f3n p\u00fablica esta ma\u00f1ana. Cualquiera que desde anoche ve\u00eda en los noticieros a la gente que buscaba a sus familiares de hospital en hospital, no pudo&hellip;<\/p>\n","protected":false},"author":1,"featured_media":0,"comment_status":"open","ping_status":"open","sticky":false,"template":"","format":"standard","meta":{"footnotes":""},"categories":[25],"tags":[10426,1876,236,569,2326,149,1629,4425,10427,1209,401,1208,198],"class_list":["post-21643","post","type-post","status-publish","format-standard","hentry","category-sociedad","tag-alberto-garcia","tag-docente","tag-embarazada","tag-esposa","tag-estres","tag-hospital","tag-once","tag-profesor","tag-sedada","tag-torcuato-di-tella","tag-tren","tag-universidad","tag-victima"],"_links":{"self":[{"href":"https:\/\/www.elsindical.com.ar\/notas\/wp-json\/wp\/v2\/posts\/21643","targetHints":{"allow":["GET"]}}],"collection":[{"href":"https:\/\/www.elsindical.com.ar\/notas\/wp-json\/wp\/v2\/posts"}],"about":[{"href":"https:\/\/www.elsindical.com.ar\/notas\/wp-json\/wp\/v2\/types\/post"}],"author":[{"embeddable":true,"href":"https:\/\/www.elsindical.com.ar\/notas\/wp-json\/wp\/v2\/users\/1"}],"replies":[{"embeddable":true,"href":"https:\/\/www.elsindical.com.ar\/notas\/wp-json\/wp\/v2\/comments?post=21643"}],"version-history":[{"count":1,"href":"https:\/\/www.elsindical.com.ar\/notas\/wp-json\/wp\/v2\/posts\/21643\/revisions"}],"predecessor-version":[{"id":21645,"href":"https:\/\/www.elsindical.com.ar\/notas\/wp-json\/wp\/v2\/posts\/21643\/revisions\/21645"}],"wp:attachment":[{"href":"https:\/\/www.elsindical.com.ar\/notas\/wp-json\/wp\/v2\/media?parent=21643"}],"wp:term":[{"taxonomy":"category","embeddable":true,"href":"https:\/\/www.elsindical.com.ar\/notas\/wp-json\/wp\/v2\/categories?post=21643"},{"taxonomy":"post_tag","embeddable":true,"href":"https:\/\/www.elsindical.com.ar\/notas\/wp-json\/wp\/v2\/tags?post=21643"}],"curies":[{"name":"wp","href":"https:\/\/api.w.org\/{rel}","templated":true}]}}