{"id":21476,"date":"2012-02-16T20:23:25","date_gmt":"2012-02-16T23:23:25","guid":{"rendered":"http:\/\/www.elsindical.com.ar\/notas\/?p=21476"},"modified":"2012-02-16T20:23:25","modified_gmt":"2012-02-16T23:23:25","slug":"el-servicio-penitenciario-bonaerense-estara-a-cargo-de-una-mujer","status":"publish","type":"post","link":"https:\/\/www.elsindical.com.ar\/notas\/el-servicio-penitenciario-bonaerense-estara-a-cargo-de-una-mujer\/","title":{"rendered":"El Servicio Penitenciario Bonaerense estar\u00e1 a cargo de una mujer"},"content":{"rendered":"<p style=\"text-align: justify;\"><em><a href=\"http:\/\/www.elsindical.com.ar\/notas\/var\/www\/html\/notas\/wp-content\/uploads\/2012\/02\/Florencia-Piermarini.jpg\"><img loading=\"lazy\" decoding=\"async\" class=\"alignleft size-medium wp-image-21477\" title=\"Florencia-Piermarini\" src=\"http:\/\/www.elsindical.com.ar\/notas\/var\/www\/html\/notas\/wp-content\/uploads\/2012\/02\/Florencia-Piermarini-300x225.jpg\" alt=\"\" width=\"300\" height=\"225\" srcset=\"https:\/\/www.elsindical.com.ar\/notas\/var\/www\/html\/notas\/wp-content\/uploads\/2012\/02\/Florencia-Piermarini-300x225.jpg 300w, https:\/\/www.elsindical.com.ar\/notas\/var\/www\/html\/notas\/wp-content\/uploads\/2012\/02\/Florencia-Piermarini.jpg 413w\" sizes=\"auto, (max-width: 300px) 100vw, 300px\" \/><\/a>La abogada <strong>Florencia Piermarini<\/strong> fue designada por el gobernador Daniel Scioli para dirigir las c\u00e1rceles de la provincia.<\/em><\/p>\n<p style=\"text-align: justify;\">Piermarini se hab\u00eda desempe\u00f1ado como asesora de la subsecretaria de Pol\u00edtica Criminal del Ministerio de Justicia y Seguridad. Seg\u00fan indicaron,<strong> se trata de la primera mujer designada como responsable de una fuerza de seguridad a nivel provincial<\/strong>.<\/p>\n<p style=\"text-align: justify;\">Hoy, junto al ministro de Justicia y Seguridad, Ricardo Casal, el gobernador Scioli <strong>le tom\u00f3 juramento a Piermarini durante un acto realizado al mediod\u00eda en La Plata<\/strong>, donde se inaugur\u00f3 la Alcaid\u00eda Departamental II, en Villa Elvira.<\/p>\n<p style=\"text-align: justify;\">La nueva jefa del SPB <strong>ocupar\u00e1 el lugar que qued\u00f3 vacante tras la muerte de Marcelo Pernici<\/strong>, un ex Fiscal de Z\u00e1rate que hab\u00eda asumido la jefatura de la SPB el 13 de diciembre pasado y falleci\u00f3 el 6 de febrero por una descompensaci\u00f3n card\u00edaca.<\/p>\n<p style=\"text-align: justify;\">Tras el fallecimiento de Permici, la conducci\u00f3n del Servicio Penitenciario estuvo a cargo de dos integrantes de la plana mayor de esa dependencia: en primera instancia del titular del \u00e1rea de Asistencia y Tratamiento, <strong>H\u00e9ctor Venche<\/strong>, y luego del director general de Coordinaci\u00f3n, <strong>Rub\u00e9n Borzani<\/strong>.<\/p>\n<p style=\"text-align: justify;\">No obstante, hoy el gobernador Scioli design\u00f3 a Piermarini, de profesi\u00f3n <strong>abogada y de 32 a\u00f1os<\/strong>, que hab\u00eda ocupado cargos de segunda l\u00ednea.<\/p>\n<p style=\"text-align: justify;\">La decisi\u00f3n de anunciar a una mujer al frente del SPB se tom\u00f3 en momentos en que el gobierno provincial <strong>cumpli\u00f3 con la orden judicial de trasladar a todos los presos que estaban alojados en comisar\u00edas a unidades penales<\/strong>.<\/p>\n<p style=\"text-align: justify;\">\u00ab<strong>Hay que evitar que las comisar\u00edas sean utilizadas como unidades penitenciarias<\/strong> ya que traen aparejado el hacinamiento y epidemias que lesionan la dignidad del hombre\u00bb, remarc\u00f3 Scioli junto al ministro Casal.<\/p>\n<p style=\"text-align: justify;\">El Servicio Penitenciario Bonaerense cuenta con 55 unidades carcelarias de m\u00e1xima y mediana seguridad, <strong>donde se alojan unos 18 mil internos<\/strong>. En esa fuerza se desempe\u00f1an unos 28 mil agentes que ahora depender\u00e1n directamente de una mujer.<\/p>\n","protected":false},"excerpt":{"rendered":"<p>La abogada Florencia Piermarini fue designada por el gobernador Daniel Scioli para dirigir las c\u00e1rceles de la provincia. Piermarini se hab\u00eda desempe\u00f1ado como asesora de la subsecretaria de Pol\u00edtica Criminal del Ministerio de Justicia y Seguridad. Seg\u00fan indicaron, se trata de la primera mujer designada como responsable de una fuerza de seguridad a nivel provincial.&hellip;<\/p>\n","protected":false},"author":1,"featured_media":0,"comment_status":"open","ping_status":"open","sticky":false,"template":"","format":"standard","meta":{"footnotes":""},"categories":[19],"tags":[251,10343,6535,3852,1544,10344],"class_list":["post-21476","post","type-post","status-publish","format-standard","hentry","category-intramuros","tag-abogada","tag-florencia-piermarini","tag-gobernador-daniel-scioli","tag-ricardo-casal","tag-spb","tag-subsecretaria-de-politica-criminal"],"_links":{"self":[{"href":"https:\/\/www.elsindical.com.ar\/notas\/wp-json\/wp\/v2\/posts\/21476","targetHints":{"allow":["GET"]}}],"collection":[{"href":"https:\/\/www.elsindical.com.ar\/notas\/wp-json\/wp\/v2\/posts"}],"about":[{"href":"https:\/\/www.elsindical.com.ar\/notas\/wp-json\/wp\/v2\/types\/post"}],"author":[{"embeddable":true,"href":"https:\/\/www.elsindical.com.ar\/notas\/wp-json\/wp\/v2\/users\/1"}],"replies":[{"embeddable":true,"href":"https:\/\/www.elsindical.com.ar\/notas\/wp-json\/wp\/v2\/comments?post=21476"}],"version-history":[{"count":2,"href":"https:\/\/www.elsindical.com.ar\/notas\/wp-json\/wp\/v2\/posts\/21476\/revisions"}],"predecessor-version":[{"id":21479,"href":"https:\/\/www.elsindical.com.ar\/notas\/wp-json\/wp\/v2\/posts\/21476\/revisions\/21479"}],"wp:attachment":[{"href":"https:\/\/www.elsindical.com.ar\/notas\/wp-json\/wp\/v2\/media?parent=21476"}],"wp:term":[{"taxonomy":"category","embeddable":true,"href":"https:\/\/www.elsindical.com.ar\/notas\/wp-json\/wp\/v2\/categories?post=21476"},{"taxonomy":"post_tag","embeddable":true,"href":"https:\/\/www.elsindical.com.ar\/notas\/wp-json\/wp\/v2\/tags?post=21476"}],"curies":[{"name":"wp","href":"https:\/\/api.w.org\/{rel}","templated":true}]}}