{"id":2143,"date":"2009-12-03T10:36:27","date_gmt":"2009-12-03T13:36:27","guid":{"rendered":"http:\/\/www.elsindical.com.ar\/notas\/?p=2143"},"modified":"2009-12-03T10:36:27","modified_gmt":"2009-12-03T13:36:27","slug":"continua-detenido-el-anciano-que-defendio-la-vida-de-su-familia-y-mato-a-dos-delincuentes","status":"publish","type":"post","link":"https:\/\/www.elsindical.com.ar\/notas\/continua-detenido-el-anciano-que-defendio-la-vida-de-su-familia-y-mato-a-dos-delincuentes\/","title":{"rendered":"Contin\u00faa detenido el anciano que defendi\u00f3 la vida de su familia y mat\u00f3 a dos delincuentes"},"content":{"rendered":"<p style=\"text-align: justify;\"><em>Se trata de un jubilado de 68 a\u00f1os que bale\u00f3 a tres delincuentes que\u00a0ingresaron a robar a su vivienda en el barrio de Villa Santa Rita.\u00a0<strong>Se le secuestr\u00f3 una pistola 9 mil\u00edmetro y la Justicia resolver\u00e1 si lo libera o no.<\/strong><\/em><\/p>\n<p id=\"cuerpoNota\" style=\"text-align: justify;\">El jubilado que anoche mat\u00f3 a dos delincuentes y bale\u00f3 a otro cuando entraron a robar a su casa del barrio de Floresta <strong>fue trasladado esta ma\u00f1ana a los tribunales porte\u00f1os para declarar ante la Justicia, tras lo cual se resolver\u00e1 si es liberado o contin\u00faa detenido.<br \/>\n<\/strong><br \/>\nFuentes policiales confirmaron que se trata de un hombre de 68 a\u00f1os, a quien <strong>se le secuestr\u00f3 una pistola Bersa calibre 9 mil\u00edmetros con la que dispar\u00f3 y mat\u00f3 a dos asaltantes e hiri\u00f3 a un\u00a0tercero cuando revolv\u00edan su casa en busca de objetos de valor.<br \/>\n<\/strong>\u00a0<br \/>\nEl hecho ocurri\u00f3 en una casa ubicada en San Nicol\u00e1s al 1600 esquina Camarones, donde un joven de 20 a\u00f1os fue abordado por tres ladrones que se movilizaban en un Peugeot 206 y que, violentamente, lo obligaron a ingresar a su vivienda.<\/p>\n<p>Una vez en el interior de la casa, donde se encontraba el padre del joven que al principio fue tomado como reh\u00e9n, <strong>los delincuentes comenzaron a robar cuanto encontraban y exigieron se les entregara el dinero y los objetos de mayor valor.<br \/>\n<\/strong><br \/>\n<strong>El hombre fue a un armario pero en vez de sacar valores, tom\u00f3 un arma y dispar\u00f3 contra los asaltantes. Dos murieron, el tercero qued\u00f3 herido. <\/strong>El ladr\u00f3n sobreviviente fue conducido al hospital V\u00e9lez Sarsfield, donde qued\u00f3 bajo custodia de agentes de la comisar\u00eda 43.<\/p>\n<p style=\"text-align: justify;\">Fuente: T\u00e9lam<\/p>\n","protected":false},"excerpt":{"rendered":"<p>Se trata de un jubilado de 68 a\u00f1os que bale\u00f3 a tres delincuentes que\u00a0ingresaron a robar a su vivienda en el barrio de Villa Santa Rita.\u00a0Se le secuestr\u00f3 una pistola 9 mil\u00edmetro y la Justicia resolver\u00e1 si lo libera o no. El jubilado que anoche mat\u00f3 a dos delincuentes y bale\u00f3 a otro cuando entraron&hellip;<\/p>\n","protected":false},"author":1,"featured_media":0,"comment_status":"open","ping_status":"open","sticky":false,"template":"","format":"standard","meta":{"footnotes":""},"categories":[22],"tags":[412,91,30,116,1112,1111],"class_list":["post-2143","post","type-post","status-publish","format-standard","hentry","category-policiales","tag-anciano","tag-detenido","tag-policia","tag-robo","tag-tribunales","tag-villa-santa-rita"],"_links":{"self":[{"href":"https:\/\/www.elsindical.com.ar\/notas\/wp-json\/wp\/v2\/posts\/2143","targetHints":{"allow":["GET"]}}],"collection":[{"href":"https:\/\/www.elsindical.com.ar\/notas\/wp-json\/wp\/v2\/posts"}],"about":[{"href":"https:\/\/www.elsindical.com.ar\/notas\/wp-json\/wp\/v2\/types\/post"}],"author":[{"embeddable":true,"href":"https:\/\/www.elsindical.com.ar\/notas\/wp-json\/wp\/v2\/users\/1"}],"replies":[{"embeddable":true,"href":"https:\/\/www.elsindical.com.ar\/notas\/wp-json\/wp\/v2\/comments?post=2143"}],"version-history":[{"count":2,"href":"https:\/\/www.elsindical.com.ar\/notas\/wp-json\/wp\/v2\/posts\/2143\/revisions"}],"predecessor-version":[{"id":2145,"href":"https:\/\/www.elsindical.com.ar\/notas\/wp-json\/wp\/v2\/posts\/2143\/revisions\/2145"}],"wp:attachment":[{"href":"https:\/\/www.elsindical.com.ar\/notas\/wp-json\/wp\/v2\/media?parent=2143"}],"wp:term":[{"taxonomy":"category","embeddable":true,"href":"https:\/\/www.elsindical.com.ar\/notas\/wp-json\/wp\/v2\/categories?post=2143"},{"taxonomy":"post_tag","embeddable":true,"href":"https:\/\/www.elsindical.com.ar\/notas\/wp-json\/wp\/v2\/tags?post=2143"}],"curies":[{"name":"wp","href":"https:\/\/api.w.org\/{rel}","templated":true}]}}