{"id":21396,"date":"2012-02-14T13:24:03","date_gmt":"2012-02-14T16:24:03","guid":{"rendered":"http:\/\/www.elsindical.com.ar\/notas\/?p=21396"},"modified":"2012-02-14T13:24:03","modified_gmt":"2012-02-14T16:24:03","slug":"lanussecuestro-express-a-una-mujer-y-sus-hijos","status":"publish","type":"post","link":"https:\/\/www.elsindical.com.ar\/notas\/lanussecuestro-express-a-una-mujer-y-sus-hijos\/","title":{"rendered":"Lan\u00fas:Secuestro express a una mujer y sus hijos"},"content":{"rendered":"<p style=\"text-align: justify;\"><em><a href=\"http:\/\/www.elsindical.com.ar\/notas\/var\/www\/html\/notas\/wp-content\/uploads\/2012\/02\/camioneta-robo-en-Lan\u00fas.jpg\"><img loading=\"lazy\" decoding=\"async\" class=\"alignleft size-medium wp-image-21397\" title=\"camioneta-robo-en-Lan\u00fas\" src=\"http:\/\/www.elsindical.com.ar\/notas\/var\/www\/html\/notas\/wp-content\/uploads\/2012\/02\/camioneta-robo-en-Lan\u00fas-300x193.jpg\" alt=\"\" width=\"300\" height=\"193\" srcset=\"https:\/\/www.elsindical.com.ar\/notas\/var\/www\/html\/notas\/wp-content\/uploads\/2012\/02\/camioneta-robo-en-Lan\u00fas-300x193.jpg 300w, https:\/\/www.elsindical.com.ar\/notas\/var\/www\/html\/notas\/wp-content\/uploads\/2012\/02\/camioneta-robo-en-Lan\u00fas.jpg 413w\" sizes=\"auto, (max-width: 300px) 100vw, 300px\" \/><\/a>Motochorros se llevaron cautiva a una mujer frente a sus hijos y su hermana. La odisea comenz\u00f3 en Valent\u00edn Alsina y acab\u00f3 en Villa Fiorito, donde la banda liber\u00f3 a la v\u00edctima. Los forajidos huyeron tras apoderarse de dos cuatriciclos.<\/em><\/p>\n<p style=\"text-align: justify;\">Cuatro motochorros fuertemente armados secuestraron a una mujer frente a sus 2 hijos adolescentes y su hermana, mientras la familia regresaba de disfrutar de sus vacaciones en la provincia de C\u00f3rdoba. Los hampones, que les robaron 2 cuatriciclos a las v\u00edctimas, capturaron a la se\u00f1ora en Valent\u00edn Alsina, en el partido de Lan\u00fas, y la dejaron libre en Villa Fiorito. Los marginales fugaron y ahora son buscados de manera intensa por los pesquisas policiales.<\/p>\n<p style=\"text-align: justify;\">Los voceros revelaron que el hecho se produjo cuando Miriam Graciela Lizondo conduc\u00eda una camioneta Ford EcoSport, en la que tambi\u00e9n viajaban su hermana y sus 2 hijos, que tienen 15 y 11 a\u00f1os. El citado veh\u00edculo llevaba enganchado un trailer, que era usado para transportar 2 cuatriciclos.<\/p>\n<p style=\"text-align: justify;\">Trascendi\u00f3 que, en el cruce de la avenida Remedios de Escalada de San Mart\u00edn y Doctor Darregueira, en Valent\u00edn Alsina, aparecieron en escena 4 ladrones provistos de armas de fuego, que viajaban en 2 motocicletas.<\/p>\n<p style=\"text-align: justify;\">De inmediato los hampones redujeron por la fuerza a las atemorizadas v\u00edctimas y, acto seguido, obligaron a bajarse del rodado a los menores y a la hermana de Miriam. Seg\u00fan dijeron los informantes, con enorme rapidez los integrantes de la gavilla tomaron en condici\u00f3n de reh\u00e9n a la se\u00f1ora, llev\u00e1ndosela cautiva ante la desesperada mirada del resto de sus familiares.<\/p>\n<p style=\"text-align: justify;\">Los asaltantes empezaron a <em>\u201cpasear\u201d <\/em>a la mujer raptada por diversas localidades situadas en el sur del conurbano provincial, hasta que resolvieron liberarla en la esquina de Islandia y Miguel de Unamuno, en jurisdicci\u00f3n de Villa Fiorito. La temible banda sigui\u00f3 la fuga con la mencionada camioneta y el trailer con los cuatriciclos.<\/p>\n<p style=\"text-align: justify;\">Miriam tuvo que caminar algunas cuadras. Finalmente, la v\u00edctima encontr\u00f3 una agencia de remises, oportunidad en la que ascendi\u00f3 a un auto de alquiler, en el cual se traslad\u00f3 a su domicilio.<\/p>\n<p style=\"text-align: justify;\">Posteriormente, la camioneta Ford EcoSport robada por los bestiales asaltantes apareci\u00f3 abandonada en P\u00edo Baroja y Virgen de Itat\u00ed de Villa Fiorito, a 400 metros del denominado Camino Negro. Los individuos se hab\u00edan apoderado de los cuatriciclos.<\/p>\n<p style=\"text-align: justify;\">Ahora, lo acontecido es investigado por los servidores p\u00fablicos destinados en la comisar\u00eda de Valent\u00edn Alsina (3\u00aa de Lan\u00fas), quienes realizaron una serie de procedimientos para dar con el paradero de los maleantes. Se dice que los malvivientes actuaron al<em> \u201cvoleo\u201d. <\/em><\/p>\n<p style=\"text-align: justify;\"><em><\/em><\/p>\n<p style=\"text-align: justify;\"><strong><em>Fuente:Cr\u00f3nica<\/em><\/strong><\/p>\n","protected":false},"excerpt":{"rendered":"<p>Motochorros se llevaron cautiva a una mujer frente a sus hijos y su hermana. La odisea comenz\u00f3 en Valent\u00edn Alsina y acab\u00f3 en Villa Fiorito, donde la banda liber\u00f3 a la v\u00edctima. Los forajidos huyeron tras apoderarse de dos cuatriciclos. Cuatro motochorros fuertemente armados secuestraron a una mujer frente a sus 2 hijos adolescentes y&hellip;<\/p>\n","protected":false},"author":1,"featured_media":0,"comment_status":"open","ping_status":"open","sticky":false,"template":"","format":"standard","meta":{"footnotes":""},"categories":[22],"tags":[153,5645,486,209,308,235,3379,6004,325],"class_list":["post-21396","post","type-post","status-publish","format-standard","hentry","category-policiales","tag-cordoba","tag-hermana","tag-hijos","tag-lanus","tag-motochorros","tag-mujer","tag-secuestro-express","tag-vacaciones","tag-valentin-alsina"],"_links":{"self":[{"href":"https:\/\/www.elsindical.com.ar\/notas\/wp-json\/wp\/v2\/posts\/21396","targetHints":{"allow":["GET"]}}],"collection":[{"href":"https:\/\/www.elsindical.com.ar\/notas\/wp-json\/wp\/v2\/posts"}],"about":[{"href":"https:\/\/www.elsindical.com.ar\/notas\/wp-json\/wp\/v2\/types\/post"}],"author":[{"embeddable":true,"href":"https:\/\/www.elsindical.com.ar\/notas\/wp-json\/wp\/v2\/users\/1"}],"replies":[{"embeddable":true,"href":"https:\/\/www.elsindical.com.ar\/notas\/wp-json\/wp\/v2\/comments?post=21396"}],"version-history":[{"count":2,"href":"https:\/\/www.elsindical.com.ar\/notas\/wp-json\/wp\/v2\/posts\/21396\/revisions"}],"predecessor-version":[{"id":21399,"href":"https:\/\/www.elsindical.com.ar\/notas\/wp-json\/wp\/v2\/posts\/21396\/revisions\/21399"}],"wp:attachment":[{"href":"https:\/\/www.elsindical.com.ar\/notas\/wp-json\/wp\/v2\/media?parent=21396"}],"wp:term":[{"taxonomy":"category","embeddable":true,"href":"https:\/\/www.elsindical.com.ar\/notas\/wp-json\/wp\/v2\/categories?post=21396"},{"taxonomy":"post_tag","embeddable":true,"href":"https:\/\/www.elsindical.com.ar\/notas\/wp-json\/wp\/v2\/tags?post=21396"}],"curies":[{"name":"wp","href":"https:\/\/api.w.org\/{rel}","templated":true}]}}