{"id":2139,"date":"2009-12-03T00:12:37","date_gmt":"2009-12-03T03:12:37","guid":{"rendered":"http:\/\/www.elsindical.com.ar\/notas\/?p=2139"},"modified":"2009-12-03T00:12:37","modified_gmt":"2009-12-03T03:12:37","slug":"tambien-apuntan-a-moyano-y-a-otros-popes-sindicales-en-la-investigacion","status":"publish","type":"post","link":"https:\/\/www.elsindical.com.ar\/notas\/tambien-apuntan-a-moyano-y-a-otros-popes-sindicales-en-la-investigacion\/","title":{"rendered":"Tambi\u00e9n apuntan a Moyano y a otros popes sindicales en la investigaci\u00f3n"},"content":{"rendered":"<p style=\"text-align: justify;\"><em><img loading=\"lazy\" decoding=\"async\" class=\"alignleft size-full wp-image-2140\" title=\"Hugo-Moyano-mueca\" src=\"http:\/\/www.elsindical.com.ar\/notas\/var\/www\/html\/notas\/wp-content\/uploads\/2009\/12\/Hugo-Moyano-mueca.jpg\" alt=\"Hugo-Moyano-mueca\" width=\"269\" height=\"269\" srcset=\"https:\/\/www.elsindical.com.ar\/notas\/var\/www\/html\/notas\/wp-content\/uploads\/2009\/12\/Hugo-Moyano-mueca.jpg 269w, https:\/\/www.elsindical.com.ar\/notas\/var\/www\/html\/notas\/wp-content\/uploads\/2009\/12\/Hugo-Moyano-mueca-150x150.jpg 150w\" sizes=\"auto, (max-width: 269px) 100vw, 269px\" \/>El avance de la causa por la denominada \u00abmafia de los medicamentos\u00bb ya dio por tierra con el futuro pol\u00edtico del hist\u00f3rico dirigente del gremio bancario Juan Jos\u00e9 Zanola, pero la lista de los cabecillas sindicales que son investigados por la Justicia es larga y significativa.<\/em><\/p>\n<p style=\"text-align: justify;\">A la cabeza de la n\u00f3mina se encuentra nada menos que Hugo Moyano, el poderoso secretario general de la CGT, porque su gremio de base, el de los Camioneros, tambi\u00e9n estar\u00eda involucrado en maniobras irregulares con su obra social, seg\u00fan asegur\u00f3 el fiscal que lleva la causa, Luis Comparatore.<\/p>\n<p style=\"text-align: justify;\">Pero los condimentos pol\u00edticos de la investigaci\u00f3n del juez federal Norberto Oyarbide no se agotan en la lista de sindicalistas que est\u00e1n bajo la lupa judicial, sino que tambi\u00e9n alcanzan al oficialismo a trav\u00e9s de H\u00e9ctor Capaccioli, quien fue tesorero de la campa\u00f1a presidencial de Cristina Kirchner.<\/p>\n<p style=\"text-align: justify;\">Capaccioli se desempe\u00f1\u00f3 como superintendente de Servicios de Salud, un puesto clave en la relaci\u00f3n entre el Estado y las obras sociales de los gremios, que ahora son investigadas pasa saber si cobraron fondos p\u00fablicos para realizar tratamientos que los afiliados nunca recibieron.<\/p>\n<p style=\"text-align: justify;\">En otra causa, que lleva el juez Claudio Bonad\u00edo, tambi\u00e9n se cruzan los nombres de Moyano y Capaccioli: es la que investiga el reparto de los millonarios fondos de la Administraci\u00f3n de Programadas Especiales (APE) del Ministerio de Salud de la Naci\u00f3n.<\/p>\n","protected":false},"excerpt":{"rendered":"<p>El avance de la causa por la denominada \u00abmafia de los medicamentos\u00bb ya dio por tierra con el futuro pol\u00edtico del hist\u00f3rico dirigente del gremio bancario Juan Jos\u00e9 Zanola, pero la lista de los cabecillas sindicales que son investigados por la Justicia es larga y significativa. A la cabeza de la n\u00f3mina se encuentra nada&hellip;<\/p>\n","protected":false},"author":1,"featured_media":0,"comment_status":"open","ping_status":"open","sticky":false,"template":"","format":"standard","meta":{"footnotes":""},"categories":[20],"tags":[77,128,44],"class_list":["post-2139","post","type-post","status-publish","format-standard","hentry","category-judiciales","tag-hugo-moyano","tag-juan-jose-zanola","tag-medicamentos"],"_links":{"self":[{"href":"https:\/\/www.elsindical.com.ar\/notas\/wp-json\/wp\/v2\/posts\/2139","targetHints":{"allow":["GET"]}}],"collection":[{"href":"https:\/\/www.elsindical.com.ar\/notas\/wp-json\/wp\/v2\/posts"}],"about":[{"href":"https:\/\/www.elsindical.com.ar\/notas\/wp-json\/wp\/v2\/types\/post"}],"author":[{"embeddable":true,"href":"https:\/\/www.elsindical.com.ar\/notas\/wp-json\/wp\/v2\/users\/1"}],"replies":[{"embeddable":true,"href":"https:\/\/www.elsindical.com.ar\/notas\/wp-json\/wp\/v2\/comments?post=2139"}],"version-history":[{"count":2,"href":"https:\/\/www.elsindical.com.ar\/notas\/wp-json\/wp\/v2\/posts\/2139\/revisions"}],"predecessor-version":[{"id":2142,"href":"https:\/\/www.elsindical.com.ar\/notas\/wp-json\/wp\/v2\/posts\/2139\/revisions\/2142"}],"wp:attachment":[{"href":"https:\/\/www.elsindical.com.ar\/notas\/wp-json\/wp\/v2\/media?parent=2139"}],"wp:term":[{"taxonomy":"category","embeddable":true,"href":"https:\/\/www.elsindical.com.ar\/notas\/wp-json\/wp\/v2\/categories?post=2139"},{"taxonomy":"post_tag","embeddable":true,"href":"https:\/\/www.elsindical.com.ar\/notas\/wp-json\/wp\/v2\/tags?post=2139"}],"curies":[{"name":"wp","href":"https:\/\/api.w.org\/{rel}","templated":true}]}}