{"id":2137,"date":"2009-12-03T00:04:31","date_gmt":"2009-12-03T03:04:31","guid":{"rendered":"http:\/\/www.elsindical.com.ar\/notas\/?p=2137"},"modified":"2009-12-03T00:04:31","modified_gmt":"2009-12-03T03:04:31","slug":"efemerides-del-dia-3-de-diciembre","status":"publish","type":"post","link":"https:\/\/www.elsindical.com.ar\/notas\/efemerides-del-dia-3-de-diciembre\/","title":{"rendered":"EFEM\u00c9RIDES: DEL D\u00cdA 3 DE DICIEMBRE"},"content":{"rendered":"<p style=\"text-align: justify;\">En un d\u00eda como hoy, pero de 1836, las Cortes Espa\u00f1olas acuerdan, despu\u00e9s de dos d\u00edas de debates, negociar el reconocimiento de la independencia de los Nuevos Estados de la Am\u00e9rica Espa\u00f1ola.<\/p>\n<p>1782- El capit\u00e1n argentino Francisco Viedma regresa al puerto de San Juli\u00e1n tras realizar una exploraci\u00f3n de la Patagonia.<\/p>\n<p style=\"text-align: justify;\">1810- Queda constituido en Colombia el Batall\u00f3n de Guardias Nacionales, primera unidad militar de car\u00e1cter regular de que dispuso la Rep\u00fablica.<\/p>\n<p style=\"text-align: justify;\">&#8211; Los ingleses se apoderan de la isla Mauricio, en el Oc\u00e9ano Indico.<\/p>\n<p style=\"text-align: justify;\">1853- Fallece el pol\u00edtico argentino Nicol\u00e1s Rodr\u00edguez Pe\u00f1a.<\/p>\n<p style=\"text-align: justify;\">1855- Se decreta en Per\u00fa la abolici\u00f3n de la esclavitud.<\/p>\n<p style=\"text-align: justify;\">1894- Muere Robert Louis Stevenson, novelista escoc\u00e9s.<\/p>\n<p style=\"text-align: justify;\">1895- Nace Ana Freud, psicoanalista austr\u00edaca.<\/p>\n<p style=\"text-align: justify;\">1904- Nace Roberto Marinho, empresario brasile\u00f1o, presidente del grupo de comunicaci\u00f3n \u00abO Globo\u00bb.<\/p>\n<p style=\"text-align: justify;\">1917- Nace el ex presidente de Panam\u00e1 Manuel Sol\u00eds Palma.<\/p>\n<p style=\"text-align: justify;\">1919- Fallece el pintor franc\u00e9s Pierre Auguste Renoir.<\/p>\n<p style=\"text-align: justify;\">1930- Nace Jean-Luc Godard, director franc\u00e9s de cine.<\/p>\n<p style=\"text-align: justify;\">1934- Nace el l\u00edder de Sendero Luminoso Abimael Guzm\u00e1n.<\/p>\n<p style=\"text-align: justify;\">1944- Los ingleses reprimen una insurrecci\u00f3n comunista en Grecia.<\/p>\n<p style=\"text-align: justify;\">&#8211; Nace Salvador Moncada, m\u00e9dico e investigador hondure\u00f1o.<\/p>\n<p style=\"text-align: justify;\">1950- Las fuerzas de la ONU se retiran de Corea.<\/p>\n<p style=\"text-align: justify;\">1961- Nace Antonio Canales, bailar\u00edn y core\u00f3grafo espa\u00f1ol.<\/p>\n<p style=\"text-align: justify;\">&#8211; Nace Julianne Moore, actriz estadounidense.<\/p>\n<p style=\"text-align: justify;\">1967- El m\u00e9dico sudafricano Christian Barnard realiza en Ciudad del Cabo (Sur\u00e1frica) el primer trasplante de coraz\u00f3n. El receptor sobrevivi\u00f3 dieciocho d\u00edas.<\/p>\n<p style=\"text-align: justify;\">1969- La C\u00e1mara de Representantes de Estados Unidos aprueba el plan de paz del presidente Richard Nixon para Vietnam.<\/p>\n<p style=\"text-align: justify;\">1970- Luis Echeverr\u00eda toma posesi\u00f3n como presidente de M\u00e9xico.<\/p>\n<p style=\"text-align: justify;\">1978- Luis Herrera Campins gana las elecciones presidenciales en Venezuela.<\/p>\n<p style=\"text-align: justify;\">1983- Finaliza en Bogot\u00e1 el primer encuentro de Cultura Hisp\u00e1nica, con la asistencia de 150 intelectuales.<\/p>\n<p style=\"text-align: justify;\">1984- Un escape de gas t\u00f3xico en una f\u00e1brica de la ciudad india de Bhopal causa la muerte de 3.000 personas.<\/p>\n<p style=\"text-align: justify;\">1989- Se da por terminada la \u00abguerra fr\u00eda\u00bb al finalizar en Malta la hist\u00f3rica reuni\u00f3n de dos d\u00edas entre los l\u00edderes estadounidense y sovi\u00e9tico, George Bush y Mijail Gorbachov, respectivamente, que anunciaron un proceso de desarme.<\/p>\n<p style=\"text-align: justify;\">1990- El Ej\u00e9rcito argentino aplasta la rebeli\u00f3n del coronel Mohamed Al\u00ed Seineld\u00edn y los militares \u00abcarapintadas\u00bb.<\/p>\n<p style=\"text-align: justify;\">1991- El Gobierno de Kenia acepta la legalizaci\u00f3n de los partidos de la oposici\u00f3n, tras d\u00e9cadas de partido \u00fanico.<\/p>\n<p style=\"text-align: justify;\">1995- Los presidentes de EEUU, Bill Clinton; de la Comisi\u00f3n Europea, Jacques Santer, y de turno de la Uni\u00f3n Europea (UE), Felipe Gonz\u00e1lez, firman en Madrid la Nueva Agenda Trasatl\u00e1ntica, que regir\u00e1 las relaciones EEUU-UE en el umbral del siglo XXI.<\/p>\n<p style=\"text-align: justify;\">1997- Ciento veinticinco pa\u00edses suscriben en Ottawa la Convenci\u00f3n sobre la prohibici\u00f3n del uso, almacenamiento, producci\u00f3n y transferencia de minas contra personas.<\/p>\n<p style=\"text-align: justify;\">2001- Muere Gerhat Riegner, ex secretario general del Consejo Mundial Jud\u00edo.<\/p>\n<p style=\"text-align: justify;\">2002- Muere Ivan Illich, fil\u00f3sofo austr\u00edaco pionero de la \u00abteolog\u00eda de la liberaci\u00f3n\u00bb.<\/p>\n<p style=\"text-align: justify;\">&#8211; La ciudad china de Shangai es elegida sede de la Exposici\u00f3n Universal de 2010.<\/p>\n<p style=\"text-align: justify;\">2003- La Justicia alemana dicta orden internacional de captura contra el ex presidente argentino Jorge Videla y los militares Carlos Guillermo Su\u00e1rez Mas\u00f3n y Emilio Massera.<\/p>\n<p style=\"text-align: justify;\">2004- El jefe del desarticulado cartel colombiano de Cali, el narcotraficante Gilberto Rodr\u00edguez Orejuela, es extraditado a EEUU.<\/p>\n<p style=\"text-align: justify;\">2005- El presidente del Tribunal Supremo Electoral de Ecuador, Gilberto Vaca, renuncia al cargo en desacuerdo con la petici\u00f3n del jefe del Estado, Alfredo Palacio, de convocar una consulta popular para instaurar una Asamblea Constituyente.<\/p>\n<p style=\"text-align: justify;\">&#8211; El ex congresista colombiano Jaime Lozada Perdomo es asesinado a tiros por un grupo de hombres cuando se desplazaba en su autom\u00f3vil por una carretera que comunica a los municipios de Hobo y Gigante, en el departamento del Huila.<\/p>\n","protected":false},"excerpt":{"rendered":"<p>En un d\u00eda como hoy, pero de 1836, las Cortes Espa\u00f1olas acuerdan, despu\u00e9s de dos d\u00edas de debates, negociar el reconocimiento de la independencia de los Nuevos Estados de la Am\u00e9rica Espa\u00f1ola. 1782- El capit\u00e1n argentino Francisco Viedma regresa al puerto de San Juli\u00e1n tras realizar una exploraci\u00f3n de la Patagonia. 1810- Queda constituido en&hellip;<\/p>\n","protected":false},"author":1,"featured_media":0,"comment_status":"open","ping_status":"open","sticky":false,"template":"","format":"standard","meta":{"footnotes":""},"categories":[14],"tags":[],"class_list":["post-2137","post","type-post","status-publish","format-standard","hentry","category-efemerides"],"_links":{"self":[{"href":"https:\/\/www.elsindical.com.ar\/notas\/wp-json\/wp\/v2\/posts\/2137","targetHints":{"allow":["GET"]}}],"collection":[{"href":"https:\/\/www.elsindical.com.ar\/notas\/wp-json\/wp\/v2\/posts"}],"about":[{"href":"https:\/\/www.elsindical.com.ar\/notas\/wp-json\/wp\/v2\/types\/post"}],"author":[{"embeddable":true,"href":"https:\/\/www.elsindical.com.ar\/notas\/wp-json\/wp\/v2\/users\/1"}],"replies":[{"embeddable":true,"href":"https:\/\/www.elsindical.com.ar\/notas\/wp-json\/wp\/v2\/comments?post=2137"}],"version-history":[{"count":1,"href":"https:\/\/www.elsindical.com.ar\/notas\/wp-json\/wp\/v2\/posts\/2137\/revisions"}],"predecessor-version":[{"id":2138,"href":"https:\/\/www.elsindical.com.ar\/notas\/wp-json\/wp\/v2\/posts\/2137\/revisions\/2138"}],"wp:attachment":[{"href":"https:\/\/www.elsindical.com.ar\/notas\/wp-json\/wp\/v2\/media?parent=2137"}],"wp:term":[{"taxonomy":"category","embeddable":true,"href":"https:\/\/www.elsindical.com.ar\/notas\/wp-json\/wp\/v2\/categories?post=2137"},{"taxonomy":"post_tag","embeddable":true,"href":"https:\/\/www.elsindical.com.ar\/notas\/wp-json\/wp\/v2\/tags?post=2137"}],"curies":[{"name":"wp","href":"https:\/\/api.w.org\/{rel}","templated":true}]}}