{"id":21358,"date":"2012-02-13T14:08:40","date_gmt":"2012-02-13T17:08:40","guid":{"rendered":"http:\/\/www.elsindical.com.ar\/notas\/?p=21358"},"modified":"2012-02-13T14:08:40","modified_gmt":"2012-02-13T17:08:40","slug":"belgranoentro-a-un-bar-se-escondio-en-el-bano-y-luego-robo-tres-mil-pesos","status":"publish","type":"post","link":"https:\/\/www.elsindical.com.ar\/notas\/belgranoentro-a-un-bar-se-escondio-en-el-bano-y-luego-robo-tres-mil-pesos\/","title":{"rendered":"Belgrano:Entr\u00f3 a un bar, se escondi\u00f3 en el ba\u00f1o y luego rob\u00f3 tres mil pesos"},"content":{"rendered":"<p style=\"text-align: justify;\"><a href=\"http:\/\/www.elsindical.com.ar\/notas\/var\/www\/html\/notas\/wp-content\/uploads\/2012\/02\/Starbucks-Belgrano.jpg\"><img loading=\"lazy\" decoding=\"async\" class=\"alignleft size-medium wp-image-21359\" title=\"Starbucks-Belgrano\" src=\"http:\/\/www.elsindical.com.ar\/notas\/var\/www\/html\/notas\/wp-content\/uploads\/2012\/02\/Starbucks-Belgrano-300x225.jpg\" alt=\"\" width=\"300\" height=\"225\" srcset=\"https:\/\/www.elsindical.com.ar\/notas\/var\/www\/html\/notas\/wp-content\/uploads\/2012\/02\/Starbucks-Belgrano-300x225.jpg 300w, https:\/\/www.elsindical.com.ar\/notas\/var\/www\/html\/notas\/wp-content\/uploads\/2012\/02\/Starbucks-Belgrano.jpg 413w\" sizes=\"auto, (max-width: 300px) 100vw, 300px\" \/><\/a><em>Sucedi\u00f3 en un local ubicado en la intersecci\u00f3n de la avenida Cabildo con la calle Olleros, en Belgrano. All\u00ed, un hombre ingres\u00f3 a un sal\u00f3n de la cadena Starbucks, se escondi\u00f3 en el ba\u00f1o, y una vez que ya no hab\u00eda m\u00e1s clientes en el sitio sorprendi\u00f3 a la cajera, quit\u00e1ndole la recaudaci\u00f3n. Hasta el momento, el ladr\u00f3n no pudo ser identificado.<\/em><\/p>\n<p style=\"text-align: justify;\">Sucedi\u00f3 en un local ubicado en la intersecci\u00f3n de la avenida Cabildo con la calle Olleros, en Belgrano. All\u00ed, un hombre ingres\u00f3 a un sal\u00f3n de la cadena Starbucks, se escondi\u00f3 en el ba\u00f1o, y una vez que ya no hab\u00eda m\u00e1s clientes en el sitio sorprendi\u00f3 a la cajera, quit\u00e1ndole la recaudaci\u00f3n. Hasta el momento, el ladr\u00f3n no pudo ser identificado.<\/p>\n","protected":false},"excerpt":{"rendered":"<p>Sucedi\u00f3 en un local ubicado en la intersecci\u00f3n de la avenida Cabildo con la calle Olleros, en Belgrano. All\u00ed, un hombre ingres\u00f3 a un sal\u00f3n de la cadena Starbucks, se escondi\u00f3 en el ba\u00f1o, y una vez que ya no hab\u00eda m\u00e1s clientes en el sitio sorprendi\u00f3 a la cajera, quit\u00e1ndole la recaudaci\u00f3n. Hasta el&hellip;<\/p>\n","protected":false},"author":1,"featured_media":0,"comment_status":"open","ping_status":"open","sticky":false,"template":"","format":"standard","meta":{"footnotes":""},"categories":[22],"tags":[5029,1225,123,4732,116,10293],"class_list":["post-21358","post","type-post","status-publish","format-standard","hentry","category-policiales","tag-bar","tag-belgrano","tag-dinero","tag-local","tag-robo","tag-starbucks"],"_links":{"self":[{"href":"https:\/\/www.elsindical.com.ar\/notas\/wp-json\/wp\/v2\/posts\/21358","targetHints":{"allow":["GET"]}}],"collection":[{"href":"https:\/\/www.elsindical.com.ar\/notas\/wp-json\/wp\/v2\/posts"}],"about":[{"href":"https:\/\/www.elsindical.com.ar\/notas\/wp-json\/wp\/v2\/types\/post"}],"author":[{"embeddable":true,"href":"https:\/\/www.elsindical.com.ar\/notas\/wp-json\/wp\/v2\/users\/1"}],"replies":[{"embeddable":true,"href":"https:\/\/www.elsindical.com.ar\/notas\/wp-json\/wp\/v2\/comments?post=21358"}],"version-history":[{"count":2,"href":"https:\/\/www.elsindical.com.ar\/notas\/wp-json\/wp\/v2\/posts\/21358\/revisions"}],"predecessor-version":[{"id":21361,"href":"https:\/\/www.elsindical.com.ar\/notas\/wp-json\/wp\/v2\/posts\/21358\/revisions\/21361"}],"wp:attachment":[{"href":"https:\/\/www.elsindical.com.ar\/notas\/wp-json\/wp\/v2\/media?parent=21358"}],"wp:term":[{"taxonomy":"category","embeddable":true,"href":"https:\/\/www.elsindical.com.ar\/notas\/wp-json\/wp\/v2\/categories?post=21358"},{"taxonomy":"post_tag","embeddable":true,"href":"https:\/\/www.elsindical.com.ar\/notas\/wp-json\/wp\/v2\/tags?post=21358"}],"curies":[{"name":"wp","href":"https:\/\/api.w.org\/{rel}","templated":true}]}}