{"id":21312,"date":"2012-02-11T15:24:31","date_gmt":"2012-02-11T18:24:31","guid":{"rendered":"http:\/\/www.elsindical.com.ar\/notas\/?p=21312"},"modified":"2012-02-11T15:24:51","modified_gmt":"2012-02-11T18:24:51","slug":"nilda-garre-controlara-a-los-53-comisarios","status":"publish","type":"post","link":"https:\/\/www.elsindical.com.ar\/notas\/nilda-garre-controlara-a-los-53-comisarios\/","title":{"rendered":"Nilda Garr\u00e9 controlar\u00e1 a los 53 Comisarios mediante evaluaciones"},"content":{"rendered":"<p style=\"text-align: justify;\"><em><a href=\"http:\/\/www.elsindical.com.ar\/notas\/var\/www\/html\/notas\/wp-content\/uploads\/2012\/01\/Nilda-Garre-despacho.jpg\"><img loading=\"lazy\" decoding=\"async\" class=\"alignleft size-medium wp-image-20809\" title=\"Nilda-Garre-despacho\" src=\"http:\/\/www.elsindical.com.ar\/notas\/var\/www\/html\/notas\/wp-content\/uploads\/2012\/01\/Nilda-Garre-despacho-201x300.jpg\" alt=\"\" width=\"201\" height=\"300\" srcset=\"https:\/\/www.elsindical.com.ar\/notas\/var\/www\/html\/notas\/wp-content\/uploads\/2012\/01\/Nilda-Garre-despacho-201x300.jpg 201w, https:\/\/www.elsindical.com.ar\/notas\/var\/www\/html\/notas\/wp-content\/uploads\/2012\/01\/Nilda-Garre-despacho.jpg 591w\" sizes=\"auto, (max-width: 201px) 100vw, 201px\" \/><\/a>Conducir\u00e1 directamente a los jefes de todas las seccionales porte\u00f1as y los evaluar\u00e1 cada 15 d\u00edas.<\/em><\/p>\n<p style=\"text-align: justify;\">El\u00a0Ministerio de Seguridad aument\u00f3 el control directo sobre los comisarios de la Polic\u00eda Federal. Funcionarios de esa cartera auditar\u00e1n la labor de la Direcci\u00f3n de Asuntos Internos, el organismo policial que investiga posibles actos delictivos de los integrantes de la fuerza, y ser\u00e1 evaluada en forma peri\u00f3dica la actuaci\u00f3n de cada comisar\u00eda.<\/p>\n<p style=\"text-align: justify;\">A mediados de 2011, la ministra Nilda Garr\u00e9 creo la unidad de Coordinaci\u00f3n para la Fiscalizaci\u00f3n de las Instituciones Policiales y de Seguridad. Aunque ese grupo de funcionarios asumi\u00f3 desde este a\u00f1o una tarea m\u00e1s determinante para la continuidad de la carrera de cada comisario. Cada quince d\u00edas har\u00e1 un informe sobre el desempe\u00f1o de los titulares de las 53 comisar\u00edas porte\u00f1as.<\/p>\n<p style=\"text-align: justify;\">El cambio m\u00e1s importante tiene que ver con una rotaci\u00f3n central en el sistema de comunicaciones sobre las acciones policiales. Hasta ahora, los jefes de las dependencias entregaban sus estad\u00edsticas a la Superintendencia de Seguridad Metropolitana, que, a su vez, en teor\u00eda, elevaba esos datos consolidados a la autoridad pol\u00edtica. La variante impuesta por Garr\u00e9 implica que sus funcionarios recibir\u00e1n directamente la informaci\u00f3n desde las comisar\u00edas.<\/p>\n<p style=\"text-align: justify;\">Dos veces por mes, los comisarios con responsabilidad en la seguridad callejera deber\u00e1n elevar a la unidad del ministerio los resultados de los controles de veh\u00edculos y personas, la informaci\u00f3n sobre los puestos fijos de vigilancia, los recorridos de los patrulleros y las rondas de los polic\u00edas asignados en cada parada. Cada dato deber\u00e1 contar con la identificaci\u00f3n del personal que llev\u00f3 adelante la tarea.<\/p>\n<p style=\"text-align: justify;\">Esos datos ser\u00e1n usados con varias finalidades por el Ministerio de Seguridad. Por un lado, se utilizar\u00e1n para el dise\u00f1o del mapa del delito, para analizar potenciales tendencias criminales. Por otra parte, ser\u00e1 un sistema de control permanente sobre las comisar\u00edas.<\/p>\n<p style=\"text-align: justify;\">En principio, la notificaci\u00f3n dirigida desde los comisarios al Ministerio de Seguridad funcionar\u00e1 como una autoevaluaci\u00f3n, ya que se dejar\u00e1 constancia de las irregularidades descubiertas en su jurisdicci\u00f3n y de las acciones tomadas para corregir esas fallas. Si los funcionarios encuentran otras deficiencias operativas, datos potencialmente alterados o directamente no convence el documento elevado, los comisarios tendr\u00e1n un nuevo plazo de una semana para responder las inquietudes del ministerio. Ese ser\u00eda una especie de examen final. Reprobar significar\u00eda el relevo del responsable.<\/p>\n<p style=\"text-align: justify;\">Garr\u00e9 explic\u00f3 su forma de trabajo a la c\u00fapula policial en varias ocasiones. La ministra da por conocido, entonces, que los comisarios saben que los plazos que establece no se mueven. Quienes saben del pensamiento de la ministra afirman que pasado el tiempo otorgado por ella para conseguir resultados, no insiste con la misma persona en el puesto y busca alternativas.<\/p>\n<p style=\"text-align: justify;\">Los comisarios ya hab\u00edan perdido el a\u00f1o pasado la capacidad de decidir la ubicaci\u00f3n de las paradas en sus jurisdicciones. El lugar que debe cubrir cada agente de calle es decidido desde entonces por el Ministerio de Seguridad con la intenci\u00f3n de evitar posibles zonas liberadas para el delito.<\/p>\n<p style=\"text-align: justify;\">A partir de ese sistema de controles quincenales de la actividad policial en las calles, los funcionarios del Ministerio de Seguridad no s\u00f3lo podr\u00e1n analizar la lucha contra el delito, sino que tambi\u00e9n contar\u00e1n con un conocimiento personalizado de los hombres que manejan cada comisar\u00eda. No es \u00e9se un dato menor. Ese an\u00e1lisis de cada comisario en forma permanente podr\u00e1 ser tomado en cuenta en el momento de efectuar reemplazos, retiros o promociones.<\/p>\n<p style=\"text-align: justify;\">Al igual que lo sucedido durante su gesti\u00f3n en el Ministerio de Defensa, Garr\u00e9 tiene ahora la palabra final para decidir ascensos o pases a retiro en las cuatro fuerzas de seguridad.<\/p>\n<h2 style=\"text-align: justify;\">Nuevas medidas<\/h2>\n<p style=\"text-align: justify;\"><strong>Evaluaci\u00f3n: <\/strong> cada comisario deber\u00e1 hacer un informe de su trabajo quincenalmente.<\/p>\n<p><strong>Sin filtros: <\/strong> la informaci\u00f3n ser\u00e1 trasmitida directamente a los colaboradores de la ministra Garr\u00e9, sin intermediaci\u00f3n de la c\u00fapula policial.<\/p>\n<p><strong>Revisi\u00f3n: <\/strong> la tarea de cada comisario ser\u00e1 evaluada por funcionarios del ministerio que decidir\u00e1n sobre ascensos y reemplazos.<\/p>\n","protected":false},"excerpt":{"rendered":"<p>Conducir\u00e1 directamente a los jefes de todas las seccionales porte\u00f1as y los evaluar\u00e1 cada 15 d\u00edas. El\u00a0Ministerio de Seguridad aument\u00f3 el control directo sobre los comisarios de la Polic\u00eda Federal. Funcionarios de esa cartera auditar\u00e1n la labor de la Direcci\u00f3n de Asuntos Internos, el organismo policial que investiga posibles actos delictivos de los integrantes de&hellip;<\/p>\n","protected":false},"author":1,"featured_media":0,"comment_status":"open","ping_status":"open","sticky":false,"template":"","format":"standard","meta":{"footnotes":""},"categories":[13],"tags":[6316,2436,5811,5366,10275,502],"class_list":["post-21312","post","type-post","status-publish","format-standard","hentry","category-politica","tag-comisarios","tag-controles","tag-evaluacion","tag-nilda-garre","tag-operatividad","tag-policia-federal-argentina"],"_links":{"self":[{"href":"https:\/\/www.elsindical.com.ar\/notas\/wp-json\/wp\/v2\/posts\/21312","targetHints":{"allow":["GET"]}}],"collection":[{"href":"https:\/\/www.elsindical.com.ar\/notas\/wp-json\/wp\/v2\/posts"}],"about":[{"href":"https:\/\/www.elsindical.com.ar\/notas\/wp-json\/wp\/v2\/types\/post"}],"author":[{"embeddable":true,"href":"https:\/\/www.elsindical.com.ar\/notas\/wp-json\/wp\/v2\/users\/1"}],"replies":[{"embeddable":true,"href":"https:\/\/www.elsindical.com.ar\/notas\/wp-json\/wp\/v2\/comments?post=21312"}],"version-history":[{"count":2,"href":"https:\/\/www.elsindical.com.ar\/notas\/wp-json\/wp\/v2\/posts\/21312\/revisions"}],"predecessor-version":[{"id":21314,"href":"https:\/\/www.elsindical.com.ar\/notas\/wp-json\/wp\/v2\/posts\/21312\/revisions\/21314"}],"wp:attachment":[{"href":"https:\/\/www.elsindical.com.ar\/notas\/wp-json\/wp\/v2\/media?parent=21312"}],"wp:term":[{"taxonomy":"category","embeddable":true,"href":"https:\/\/www.elsindical.com.ar\/notas\/wp-json\/wp\/v2\/categories?post=21312"},{"taxonomy":"post_tag","embeddable":true,"href":"https:\/\/www.elsindical.com.ar\/notas\/wp-json\/wp\/v2\/tags?post=21312"}],"curies":[{"name":"wp","href":"https:\/\/api.w.org\/{rel}","templated":true}]}}